{"id":188,"date":"2007-12-19T05:23:05","date_gmt":"2007-12-19T05:23:05","guid":{"rendered":"http:\/\/www.foto8.com\/live\/?p=188"},"modified":"2007-12-19T05:23:05","modified_gmt":"2007-12-19T05:23:05","slug":"return-afganistan","status":"publish","type":"post","link":"https:\/\/www.foto8.com\/live\/return-afganistan\/","title":{"rendered":"Return Afganistan"},"content":{"rendered":"<p>On the back cover of this impressive book we see a family trekking across a snow-covered mountain pass near Banian, returning to Afghanistan. It is a trek Zalmai and his brother made, aged 15, when their family packed them off and they fled this same country. Back then &ndash; 1980 &ndash; the country had declined into war and walking out across the mountains, Zalmai promised his brother that one day he would be a photographer and would return.<\/p>\n<p> He found refuge in Switzerland, and later became a citizen. But it was to be 16 years before he went back, as a photographer, on assignment for a French language newspaper to chronicle the further destruction of his country under the Taliban. After 11 September 2001, then the ensuing war and fall of the Taliban, he says, he saw the beginning of a new chapter for Afghanistan. By 2003 with some 2.5 million of the Afghan diaspora returning home, he says he began to see the colour coming back.<\/p>\n<p> Zalmai&rsquo;s experience and knowledge of the Afghan people grants us a privileged view of their lives. Clinging to the ruins of a house in deep winter against the backdrop of the unforgiving snow-covered mountains or crawling amongst the ruins of the great Buddhas of Banian, which the Taliban destroyed, the Afghan people in his photographs display a proud hope. The life they have returned to is uncompromisingly harsh, and the means to survive and rebuild frustratingly absent, yet the faces we see look at us with desire and determination.<\/p>\n<p> The sweeping panoramic format of the book and the warm hues of the colour prints pull the reader in. Zalmai&rsquo;s camera provides an unsentimental glimpse of an Afghanistan emerging into the light after decades in darkness. &ldquo;And so I set out to find this hope, with &ndash; for the first time &ndash; colour film in my camera&rdquo; says Zalmai. With these photographs he cements the second part of that promise he uttered all those years ago, to return.<\/p>\n<p><strong>Jon Levy<\/strong><\/p>\n","protected":false},"excerpt":{"rendered":"<p><a href=\"index.php?option=com_content&amp;task=view&amp;id=149&amp;Itemid=77\"><img decoding=\"async\" loading=\"lazy\" class=\"review_photo\" src=\"http:\/\/www.foto8.com\/reviews\/V3N3\/resources\/Afghanistancover.jpg\" border=\"0\" alt=\"return afganistan\" title=\"return afganistan\" hspace=\"0\" width=\"115\" height=\"112\" align=\"left\" \/><\/a> <span class=\"bold\"><span class=\"review_author\">Zalmai<\/span><br \/> \t\t\t\t\t\t\t<\/span><span class=\"review_additional\">Published by Aperture<br \/>128 pp hardback<br \/>&pound;22.00<\/span><br \/><span class=\"bold\">&nbsp; \t\t\t\t\t\t\t\t<a target=\"_new\" onclick=\"window.open('','','');return false;\"><br \/><\/a><\/span><\/p>\n","protected":false},"author":1,"featured_media":0,"comment_status":"open","ping_status":"open","sticky":false,"template":"","format":"standard","meta":{"_mi_skip_tracking":false,"_monsterinsights_sitenote_active":false,"_monsterinsights_sitenote_note":"","_monsterinsights_sitenote_category":0,"jetpack_post_was_ever_published":false,"_jetpack_newsletter_access":"","_jetpack_newsletter_tier_id":0,"jetpack_publicize_message":"","jetpack_is_tweetstorm":false,"jetpack_publicize_feature_enabled":true,"jetpack_social_post_already_shared":false,"jetpack_social_options":{"image_generator_settings":{"template":"highway","enabled":false}}},"categories":[22],"tags":[],"jetpack_publicize_connections":[],"yoast_head":"<!-- This site is optimized with the Yoast SEO plugin v21.5 - https:\/\/yoast.com\/wordpress\/plugins\/seo\/ -->\n<title>Return Afganistan - FOTO8<\/title>\n<meta name=\"robots\" content=\"index, follow, max-snippet:-1, max-image-preview:large, max-video-preview:-1\" \/>\n<link rel=\"canonical\" href=\"https:\/\/www.foto8.com\/live\/return-afganistan\/\" \/>\n<meta property=\"og:locale\" content=\"en_US\" \/>\n<meta property=\"og:type\" content=\"article\" \/>\n<meta property=\"og:title\" content=\"Return Afganistan - FOTO8\" \/>\n<meta property=\"og:description\" content=\"Zalmai    Published by Aperture128 pp hardback&pound;22.00&nbsp;\" \/>\n<meta property=\"og:url\" content=\"https:\/\/www.foto8.com\/live\/return-afganistan\/\" \/>\n<meta property=\"og:site_name\" content=\"FOTO8\" \/>\n<meta property=\"article:publisher\" content=\"https:\/\/www.facebook.com\/Foto8\/\" \/>\n<meta property=\"article:published_time\" content=\"2007-12-19T05:23:05+00:00\" \/>\n<meta name=\"author\" content=\"Jon\" \/>\n<meta name=\"twitter:label1\" content=\"Written by\" \/>\n\t<meta name=\"twitter:data1\" content=\"Jon\" \/>\n\t<meta name=\"twitter:label2\" content=\"Est. reading time\" \/>\n\t<meta name=\"twitter:data2\" content=\"2 minutes\" \/>\n<script type=\"application\/ld+json\" class=\"yoast-schema-graph\">{\"@context\":\"https:\/\/schema.org\",\"@graph\":[{\"@type\":\"Article\",\"@id\":\"https:\/\/www.foto8.com\/live\/return-afganistan\/#article\",\"isPartOf\":{\"@id\":\"https:\/\/www.foto8.com\/live\/return-afganistan\/\"},\"author\":{\"name\":\"Jon\",\"@id\":\"https:\/\/www.foto8.com\/live\/#\/schema\/person\/52655249f7e3f6eff4e0fe2540d65137\"},\"headline\":\"Return Afganistan\",\"datePublished\":\"2007-12-19T05:23:05+00:00\",\"dateModified\":\"2007-12-19T05:23:05+00:00\",\"mainEntityOfPage\":{\"@id\":\"https:\/\/www.foto8.com\/live\/return-afganistan\/\"},\"wordCount\":337,\"commentCount\":0,\"publisher\":{\"@id\":\"https:\/\/www.foto8.com\/live\/#organization\"},\"articleSection\":[\"Reviews\"],\"inLanguage\":\"en-US\",\"potentialAction\":[{\"@type\":\"CommentAction\",\"name\":\"Comment\",\"target\":[\"https:\/\/www.foto8.com\/live\/return-afganistan\/#respond\"]}]},{\"@type\":\"WebPage\",\"@id\":\"https:\/\/www.foto8.com\/live\/return-afganistan\/\",\"url\":\"https:\/\/www.foto8.com\/live\/return-afganistan\/\",\"name\":\"Return Afganistan - FOTO8\",\"isPartOf\":{\"@id\":\"https:\/\/www.foto8.com\/live\/#website\"},\"datePublished\":\"2007-12-19T05:23:05+00:00\",\"dateModified\":\"2007-12-19T05:23:05+00:00\",\"breadcrumb\":{\"@id\":\"https:\/\/www.foto8.com\/live\/return-afganistan\/#breadcrumb\"},\"inLanguage\":\"en-US\",\"potentialAction\":[{\"@type\":\"ReadAction\",\"target\":[\"https:\/\/www.foto8.com\/live\/return-afganistan\/\"]}]},{\"@type\":\"BreadcrumbList\",\"@id\":\"https:\/\/www.foto8.com\/live\/return-afganistan\/#breadcrumb\",\"itemListElement\":[{\"@type\":\"ListItem\",\"position\":1,\"name\":\"Home\",\"item\":\"https:\/\/www.foto8.com\/live\/\"},{\"@type\":\"ListItem\",\"position\":2,\"name\":\"Return Afganistan\"}]},{\"@type\":\"WebSite\",\"@id\":\"https:\/\/www.foto8.com\/live\/#website\",\"url\":\"https:\/\/www.foto8.com\/live\/\",\"name\":\"FOTO8\",\"description\":\"The home of photojournalism.\",\"publisher\":{\"@id\":\"https:\/\/www.foto8.com\/live\/#organization\"},\"potentialAction\":[{\"@type\":\"SearchAction\",\"target\":{\"@type\":\"EntryPoint\",\"urlTemplate\":\"https:\/\/www.foto8.com\/live\/?s={search_term_string}\"},\"query-input\":\"required name=search_term_string\"}],\"inLanguage\":\"en-US\"},{\"@type\":\"Organization\",\"@id\":\"https:\/\/www.foto8.com\/live\/#organization\",\"name\":\"FOTO8\",\"url\":\"https:\/\/www.foto8.com\/live\/\",\"logo\":{\"@type\":\"ImageObject\",\"inLanguage\":\"en-US\",\"@id\":\"https:\/\/www.foto8.com\/live\/#\/schema\/logo\/image\/\",\"url\":\"https:\/\/i0.wp.com\/www.foto8.com\/live\/wp-content\/uploads\/2023\/04\/foto8logo_blk.gif?fit=124%2C51&ssl=1\",\"contentUrl\":\"https:\/\/i0.wp.com\/www.foto8.com\/live\/wp-content\/uploads\/2023\/04\/foto8logo_blk.gif?fit=124%2C51&ssl=1\",\"width\":124,\"height\":51,\"caption\":\"FOTO8\"},\"image\":{\"@id\":\"https:\/\/www.foto8.com\/live\/#\/schema\/logo\/image\/\"},\"sameAs\":[\"https:\/\/www.facebook.com\/Foto8\/\",\"https:\/\/twitter.com\/foto8\"]},{\"@type\":\"Person\",\"@id\":\"https:\/\/www.foto8.com\/live\/#\/schema\/person\/52655249f7e3f6eff4e0fe2540d65137\",\"name\":\"Jon\",\"image\":{\"@type\":\"ImageObject\",\"inLanguage\":\"en-US\",\"@id\":\"https:\/\/www.foto8.com\/live\/#\/schema\/person\/image\/\",\"url\":\"https:\/\/secure.gravatar.com\/avatar\/6993c5976717725ffe3a4e678a401748?s=96&d=mm&r=g\",\"contentUrl\":\"https:\/\/secure.gravatar.com\/avatar\/6993c5976717725ffe3a4e678a401748?s=96&d=mm&r=g\",\"caption\":\"Jon\"},\"url\":\"https:\/\/www.foto8.com\/live\/author\/wpadmin\/\"}]}<\/script>\n<!-- \/ Yoast SEO plugin. -->","yoast_head_json":{"title":"Return Afganistan - FOTO8","robots":{"index":"index","follow":"follow","max-snippet":"max-snippet:-1","max-image-preview":"max-image-preview:large","max-video-preview":"max-video-preview:-1"},"canonical":"https:\/\/www.foto8.com\/live\/return-afganistan\/","og_locale":"en_US","og_type":"article","og_title":"Return Afganistan - FOTO8","og_description":"Zalmai    Published by Aperture128 pp hardback&pound;22.00&nbsp;","og_url":"https:\/\/www.foto8.com\/live\/return-afganistan\/","og_site_name":"FOTO8","article_publisher":"https:\/\/www.facebook.com\/Foto8\/","article_published_time":"2007-12-19T05:23:05+00:00","author":"Jon","twitter_misc":{"Written by":"Jon","Est. reading time":"2 minutes"},"schema":{"@context":"https:\/\/schema.org","@graph":[{"@type":"Article","@id":"https:\/\/www.foto8.com\/live\/return-afganistan\/#article","isPartOf":{"@id":"https:\/\/www.foto8.com\/live\/return-afganistan\/"},"author":{"name":"Jon","@id":"https:\/\/www.foto8.com\/live\/#\/schema\/person\/52655249f7e3f6eff4e0fe2540d65137"},"headline":"Return Afganistan","datePublished":"2007-12-19T05:23:05+00:00","dateModified":"2007-12-19T05:23:05+00:00","mainEntityOfPage":{"@id":"https:\/\/www.foto8.com\/live\/return-afganistan\/"},"wordCount":337,"commentCount":0,"publisher":{"@id":"https:\/\/www.foto8.com\/live\/#organization"},"articleSection":["Reviews"],"inLanguage":"en-US","potentialAction":[{"@type":"CommentAction","name":"Comment","target":["https:\/\/www.foto8.com\/live\/return-afganistan\/#respond"]}]},{"@type":"WebPage","@id":"https:\/\/www.foto8.com\/live\/return-afganistan\/","url":"https:\/\/www.foto8.com\/live\/return-afganistan\/","name":"Return Afganistan - FOTO8","isPartOf":{"@id":"https:\/\/www.foto8.com\/live\/#website"},"datePublished":"2007-12-19T05:23:05+00:00","dateModified":"2007-12-19T05:23:05+00:00","breadcrumb":{"@id":"https:\/\/www.foto8.com\/live\/return-afganistan\/#breadcrumb"},"inLanguage":"en-US","potentialAction":[{"@type":"ReadAction","target":["https:\/\/www.foto8.com\/live\/return-afganistan\/"]}]},{"@type":"BreadcrumbList","@id":"https:\/\/www.foto8.com\/live\/return-afganistan\/#breadcrumb","itemListElement":[{"@type":"ListItem","position":1,"name":"Home","item":"https:\/\/www.foto8.com\/live\/"},{"@type":"ListItem","position":2,"name":"Return Afganistan"}]},{"@type":"WebSite","@id":"https:\/\/www.foto8.com\/live\/#website","url":"https:\/\/www.foto8.com\/live\/","name":"FOTO8","description":"The home of photojournalism.","publisher":{"@id":"https:\/\/www.foto8.com\/live\/#organization"},"potentialAction":[{"@type":"SearchAction","target":{"@type":"EntryPoint","urlTemplate":"https:\/\/www.foto8.com\/live\/?s={search_term_string}"},"query-input":"required name=search_term_string"}],"inLanguage":"en-US"},{"@type":"Organization","@id":"https:\/\/www.foto8.com\/live\/#organization","name":"FOTO8","url":"https:\/\/www.foto8.com\/live\/","logo":{"@type":"ImageObject","inLanguage":"en-US","@id":"https:\/\/www.foto8.com\/live\/#\/schema\/logo\/image\/","url":"https:\/\/i0.wp.com\/www.foto8.com\/live\/wp-content\/uploads\/2023\/04\/foto8logo_blk.gif?fit=124%2C51&ssl=1","contentUrl":"https:\/\/i0.wp.com\/www.foto8.com\/live\/wp-content\/uploads\/2023\/04\/foto8logo_blk.gif?fit=124%2C51&ssl=1","width":124,"height":51,"caption":"FOTO8"},"image":{"@id":"https:\/\/www.foto8.com\/live\/#\/schema\/logo\/image\/"},"sameAs":["https:\/\/www.facebook.com\/Foto8\/","https:\/\/twitter.com\/foto8"]},{"@type":"Person","@id":"https:\/\/www.foto8.com\/live\/#\/schema\/person\/52655249f7e3f6eff4e0fe2540d65137","name":"Jon","image":{"@type":"ImageObject","inLanguage":"en-US","@id":"https:\/\/www.foto8.com\/live\/#\/schema\/person\/image\/","url":"https:\/\/secure.gravatar.com\/avatar\/6993c5976717725ffe3a4e678a401748?s=96&d=mm&r=g","contentUrl":"https:\/\/secure.gravatar.com\/avatar\/6993c5976717725ffe3a4e678a401748?s=96&d=mm&r=g","caption":"Jon"},"url":"https:\/\/www.foto8.com\/live\/author\/wpadmin\/"}]}},"jetpack_sharing_enabled":true,"jetpack_featured_media_url":"","jetpack_shortlink":"https:\/\/wp.me\/p4ejRI-32","jetpack-related-posts":[{"id":1501,"url":"https:\/\/www.foto8.com\/live\/destitute-in-kabul-afghanistans-drug-addicts\/","url_meta":{"origin":188,"position":0},"title":"Destitute in Kabul: Afghanistan&#8217;s Drug Addicts","author":"Jon","date":"20 May 2009","format":false,"excerpt":"Alfonso Moral spent four months in Kabul uncovering the destitute lives of it's heroin addicts living in the old Russian Cultural Centre.","rel":"","context":"In &quot;Photo Stories&quot;","block_context":{"text":"Photo Stories","link":"https:\/\/www.foto8.com\/live\/category\/online\/c129-photo-stories\/"},"img":{"alt_text":"Alfonso Moral","src":"https:\/\/i0.wp.com\/www.foto8.com\/live\/wp-content\/uploads\/2009\/05\/addicts25.jpg?fit=470%2C313&ssl=1&resize=350%2C200","width":350,"height":200},"classes":[]},{"id":1205,"url":"https:\/\/www.foto8.com\/live\/afghanistan\/","url_meta":{"origin":188,"position":1},"title":"Afghanistan","author":"Jon","date":"14 Nov 2008","format":false,"excerpt":"Afghanistan \u00a0 Seamus Murphy Asia House 1 July \u2013 13 September 2008 www.asiahouse.org","rel":"","context":"In &quot;Reviews&quot;","block_context":{"text":"Reviews","link":"https:\/\/www.foto8.com\/live\/category\/online\/c131-reviews\/"},"img":{"alt_text":"","src":"","width":0,"height":0},"classes":[]},{"id":1870,"url":"https:\/\/www.foto8.com\/live\/the-talibs-who-came-in-from-the-cold-24-hours-in-wardak\/","url_meta":{"origin":188,"position":2},"title":"The Talibs who came in from the cold: 24 hours in Wardak","author":"Jon","date":"25 Sep 2009","format":false,"excerpt":"\u201cWelcome Mr David, please come in. We have great news. The Taliban have surrendered. Let me introduce you to them.\u201d","rel":"","context":"In &quot;Blogs&quot;","block_context":{"text":"Blogs","link":"https:\/\/www.foto8.com\/live\/category\/online\/blogs\/"},"img":{"alt_text":"Afghan Hound","src":"https:\/\/i0.wp.com\/www.foto8.com\/live\/wp-content\/uploads\/2009\/09\/image-4.jpg?fit=470%2C313&ssl=1&resize=350%2C200","width":350,"height":200},"classes":[]},{"id":2055,"url":"https:\/\/www.foto8.com\/live\/issue-25\/","url_meta":{"origin":188,"position":3},"title":"Issue 25","author":"Jon","date":"07 Apr 2009","format":false,"excerpt":"","rel":"","context":"In &quot;Back Issues&quot;","block_context":{"text":"Back Issues","link":"https:\/\/www.foto8.com\/live\/category\/in-print\/back-issues\/"},"img":{"alt_text":"","src":"https:\/\/i0.wp.com\/www.foto8.com\/live\/wp-content\/uploads\/2007\/12\/25_cover_low.jpg?fit=276%2C353&ssl=1&resize=350%2C200","width":350,"height":200},"classes":[]},{"id":1641,"url":"https:\/\/www.foto8.com\/live\/afghanistan-a-panel-discussion\/","url_meta":{"origin":188,"position":4},"title":"Afghanistan: A panel discussion","author":"Jon","date":"04 Jun 2009","format":false,"excerpt":"Magnum Photos presents an evening panel discussion about Afghanistan, chaired by Peter Beaumont, Foreign Affairs Editor at the Observer with Chris Steele-Perkins, Thomas Dworzak and Abbas, whom have all spent extensive time documenting the country and its people, culture and religion. June 22nd, Cochrane Theatre, London and related exhibition starts\u2026","rel":"","context":"In &quot;events \/ exhibitions&quot;","block_context":{"text":"events \/ exhibitions","link":"https:\/\/www.foto8.com\/live\/category\/news\/c72-events-exhibitions\/"},"img":{"alt_text":"abbas_news.jpg","src":"https:\/\/i0.wp.com\/www.foto8.com\/live\/wp-content\/uploads\/2009\/06\/abbas_news.jpg?fit=470%2C312&ssl=1&resize=350%2C200","width":350,"height":200},"classes":[]},{"id":2160,"url":"https:\/\/www.foto8.com\/live\/the-photographer\/","url_meta":{"origin":188,"position":5},"title":"The Photographer","author":"Jon","date":"15 Nov 2009","format":false,"excerpt":"Emmanuel Guibert, Didier Lef\u00e8vre, Fr\u00e9d\u00e9ric LemercierPublished by Dupuiswww.firstsecondbooks.com$10.99(273pp Softback)","rel":"","context":"In &quot;Reviews&quot;","block_context":{"text":"Reviews","link":"https:\/\/www.foto8.com\/live\/category\/online\/c131-reviews\/"},"img":{"alt_text":"","src":"","width":0,"height":0},"classes":[]}],"_links":{"self":[{"href":"https:\/\/www.foto8.com\/live\/wp-json\/wp\/v2\/posts\/188"}],"collection":[{"href":"https:\/\/www.foto8.com\/live\/wp-json\/wp\/v2\/posts"}],"about":[{"href":"https:\/\/www.foto8.com\/live\/wp-json\/wp\/v2\/types\/post"}],"author":[{"embeddable":true,"href":"https:\/\/www.foto8.com\/live\/wp-json\/wp\/v2\/users\/1"}],"replies":[{"embeddable":true,"href":"https:\/\/www.foto8.com\/live\/wp-json\/wp\/v2\/comments?post=188"}],"version-history":[{"count":0,"href":"https:\/\/www.foto8.com\/live\/wp-json\/wp\/v2\/posts\/188\/revisions"}],"wp:attachment":[{"href":"https:\/\/www.foto8.com\/live\/wp-json\/wp\/v2\/media?parent=188"}],"wp:term":[{"taxonomy":"category","embeddable":true,"href":"https:\/\/www.foto8.com\/live\/wp-json\/wp\/v2\/categories?post=188"},{"taxonomy":"post_tag","embeddable":true,"href":"https:\/\/www.foto8.com\/live\/wp-json\/wp\/v2\/tags?post=188"}],"curies":[{"name":"wp","href":"https:\/\/api.w.org\/{rel}","templated":true}]}}