{"id":301,"date":"2007-12-19T05:23:05","date_gmt":"2007-12-19T05:23:05","guid":{"rendered":"http:\/\/www.foto8.com\/live\/?p=301"},"modified":"2007-12-19T05:23:05","modified_gmt":"2007-12-19T05:23:05","slug":"my-america","status":"publish","type":"post","link":"https:\/\/www.foto8.com\/live\/my-america\/","title":{"rendered":"My America"},"content":{"rendered":"<p>Christopher Morris is an accomplished photographer who has covered many conflicts during his 18 year career. Following the birth of his daughters he became more interested in his homeland and turned his camera on the administration of the nation. This, his first book, is the result of his work as a contract photographer for Time magazine covering the inner circle of George W Bush. <\/p>\n<p> The pictures are quite impersonal. The photographer found himself more detached as the assignment continued, capturing the President very rarely. Instead we see the fervour of the people around him. We see the secret service agents, who come across as almost robotic, like something from science fiction. Their suits are immaculate, faces inscrutable and small strange wires disappearing into their suits. Throughout the book they are lurking in dark car parks, carefully sweeping deserted rural fields or in one particular picture peering from behind an enormous letter \u201cw\u201d on a rooftop. I suspect that there were agents behind every letter of the sign, but the \u201cw\u201d is a perfect compliment to the picture. I find myself wondering what the sign read. Wal-Mart perhaps<\/p>\n<p> The cover image sets the tone for the whole book, which shows the Stars and Stripes in many guises. From \u2018headless\u2019 T-shirts to large drapes across the huge hall. One of the most striking is an elaborately iced cake, each slice to be served with its own tiny flag. Morris has chosen to shoot the cake alone in a dark corner, which has turned an ordinary piece of confectionery into a poignant symbol of a nation.<\/p>\n<p> The thing that really stands out is that the people he has photographed, are often unseen \u2013 a bejewelled cleavage gets out of a Mercedes and we have no need to identify the owner. There are several portraits showing glamorous women from their perfect lipstick down, which are then followed by one of the rare appearances by the President, again from the chest down with his hands as the only human detail. Where Morris has chosen to photograph a face it is that and that alone that we see. Awestruck youths open mouthed at the spectacle, experienced soldiers looking grave and proud and of course the omnipresent secret service agents.<\/p>\n<p> The book has no captions other than a location and date for each image, which encourages the reader to come to their own conclusion of what is being portrayed, although Morris firmly directs the reader with his precise composition and fantastic use of colour. The overall impression is of a fantastic body of work taking a very sideways look at the current administration and giving a very different view from the usual images we see from the White House through the wire services.<\/p>\n<p> Sophie Batterbury<\/p>\n","protected":false},"excerpt":{"rendered":"<p><a href=\"index.php?option=com_content&amp;view=article&amp;id=266:my-america&amp;catid=19&amp;Itemid=77\" title=\"My America\"><img decoding=\"async\" loading=\"lazy\" class=\"review_photo\" src=\"http:\/\/www.foto8.com\/reviews\/V5N3\/resources\/Morris_America_Cover_SS06.jpg\" alt=\"My America\" title=\"My America\" align=\"left\" border=\"0\" height=\"132\" hspace=\"0\" vspace=\"0\" width=\"115\" \/><\/a><span class=\"review_author\">Christopher Morris<\/span><br \/><span class=\"review_additional\"> Published by Steidl<br \/> \u00a324<br \/> 180pp Hardback<a href=\"http:\/\/www.steidlville.com\/\" target=\"_new\"><br \/> <\/a><\/span><\/p>\n","protected":false},"author":1,"featured_media":0,"comment_status":"open","ping_status":"open","sticky":false,"template":"","format":"standard","meta":{"_mi_skip_tracking":false,"_monsterinsights_sitenote_active":false,"_monsterinsights_sitenote_note":"","_monsterinsights_sitenote_category":0,"jetpack_post_was_ever_published":false,"_jetpack_newsletter_access":"","_jetpack_newsletter_tier_id":0,"jetpack_publicize_message":"","jetpack_is_tweetstorm":false,"jetpack_publicize_feature_enabled":true,"jetpack_social_post_already_shared":false,"jetpack_social_options":{"image_generator_settings":{"template":"highway","enabled":false}}},"categories":[22],"tags":[],"jetpack_publicize_connections":[],"yoast_head":"<!-- This site is optimized with the Yoast SEO plugin v21.5 - https:\/\/yoast.com\/wordpress\/plugins\/seo\/ -->\n<title>My America - FOTO8<\/title>\n<meta name=\"robots\" content=\"index, follow, max-snippet:-1, max-image-preview:large, max-video-preview:-1\" \/>\n<link rel=\"canonical\" href=\"https:\/\/www.foto8.com\/live\/my-america\/\" \/>\n<meta property=\"og:locale\" content=\"en_US\" \/>\n<meta property=\"og:type\" content=\"article\" \/>\n<meta property=\"og:title\" content=\"My America - FOTO8\" \/>\n<meta property=\"og:description\" content=\"Christopher Morris Published by Steidl \u00a324 180pp Hardback\" \/>\n<meta property=\"og:url\" content=\"https:\/\/www.foto8.com\/live\/my-america\/\" \/>\n<meta property=\"og:site_name\" content=\"FOTO8\" \/>\n<meta property=\"article:publisher\" content=\"https:\/\/www.facebook.com\/Foto8\/\" \/>\n<meta property=\"article:published_time\" content=\"2007-12-19T05:23:05+00:00\" \/>\n<meta name=\"author\" content=\"Jon\" \/>\n<meta name=\"twitter:label1\" content=\"Written by\" \/>\n\t<meta name=\"twitter:data1\" content=\"Jon\" \/>\n\t<meta name=\"twitter:label2\" content=\"Est. reading time\" \/>\n\t<meta name=\"twitter:data2\" content=\"2 minutes\" \/>\n<script type=\"application\/ld+json\" class=\"yoast-schema-graph\">{\"@context\":\"https:\/\/schema.org\",\"@graph\":[{\"@type\":\"Article\",\"@id\":\"https:\/\/www.foto8.com\/live\/my-america\/#article\",\"isPartOf\":{\"@id\":\"https:\/\/www.foto8.com\/live\/my-america\/\"},\"author\":{\"name\":\"Jon\",\"@id\":\"https:\/\/www.foto8.com\/live\/#\/schema\/person\/52655249f7e3f6eff4e0fe2540d65137\"},\"headline\":\"My America\",\"datePublished\":\"2007-12-19T05:23:05+00:00\",\"dateModified\":\"2007-12-19T05:23:05+00:00\",\"mainEntityOfPage\":{\"@id\":\"https:\/\/www.foto8.com\/live\/my-america\/\"},\"wordCount\":458,\"commentCount\":0,\"publisher\":{\"@id\":\"https:\/\/www.foto8.com\/live\/#organization\"},\"articleSection\":[\"Reviews\"],\"inLanguage\":\"en-US\",\"potentialAction\":[{\"@type\":\"CommentAction\",\"name\":\"Comment\",\"target\":[\"https:\/\/www.foto8.com\/live\/my-america\/#respond\"]}]},{\"@type\":\"WebPage\",\"@id\":\"https:\/\/www.foto8.com\/live\/my-america\/\",\"url\":\"https:\/\/www.foto8.com\/live\/my-america\/\",\"name\":\"My America - FOTO8\",\"isPartOf\":{\"@id\":\"https:\/\/www.foto8.com\/live\/#website\"},\"datePublished\":\"2007-12-19T05:23:05+00:00\",\"dateModified\":\"2007-12-19T05:23:05+00:00\",\"breadcrumb\":{\"@id\":\"https:\/\/www.foto8.com\/live\/my-america\/#breadcrumb\"},\"inLanguage\":\"en-US\",\"potentialAction\":[{\"@type\":\"ReadAction\",\"target\":[\"https:\/\/www.foto8.com\/live\/my-america\/\"]}]},{\"@type\":\"BreadcrumbList\",\"@id\":\"https:\/\/www.foto8.com\/live\/my-america\/#breadcrumb\",\"itemListElement\":[{\"@type\":\"ListItem\",\"position\":1,\"name\":\"Home\",\"item\":\"https:\/\/www.foto8.com\/live\/\"},{\"@type\":\"ListItem\",\"position\":2,\"name\":\"My America\"}]},{\"@type\":\"WebSite\",\"@id\":\"https:\/\/www.foto8.com\/live\/#website\",\"url\":\"https:\/\/www.foto8.com\/live\/\",\"name\":\"FOTO8\",\"description\":\"The home of photojournalism.\",\"publisher\":{\"@id\":\"https:\/\/www.foto8.com\/live\/#organization\"},\"potentialAction\":[{\"@type\":\"SearchAction\",\"target\":{\"@type\":\"EntryPoint\",\"urlTemplate\":\"https:\/\/www.foto8.com\/live\/?s={search_term_string}\"},\"query-input\":\"required name=search_term_string\"}],\"inLanguage\":\"en-US\"},{\"@type\":\"Organization\",\"@id\":\"https:\/\/www.foto8.com\/live\/#organization\",\"name\":\"FOTO8\",\"url\":\"https:\/\/www.foto8.com\/live\/\",\"logo\":{\"@type\":\"ImageObject\",\"inLanguage\":\"en-US\",\"@id\":\"https:\/\/www.foto8.com\/live\/#\/schema\/logo\/image\/\",\"url\":\"https:\/\/i0.wp.com\/www.foto8.com\/live\/wp-content\/uploads\/2023\/04\/foto8logo_blk.gif?fit=124%2C51&ssl=1\",\"contentUrl\":\"https:\/\/i0.wp.com\/www.foto8.com\/live\/wp-content\/uploads\/2023\/04\/foto8logo_blk.gif?fit=124%2C51&ssl=1\",\"width\":124,\"height\":51,\"caption\":\"FOTO8\"},\"image\":{\"@id\":\"https:\/\/www.foto8.com\/live\/#\/schema\/logo\/image\/\"},\"sameAs\":[\"https:\/\/www.facebook.com\/Foto8\/\",\"https:\/\/twitter.com\/foto8\"]},{\"@type\":\"Person\",\"@id\":\"https:\/\/www.foto8.com\/live\/#\/schema\/person\/52655249f7e3f6eff4e0fe2540d65137\",\"name\":\"Jon\",\"image\":{\"@type\":\"ImageObject\",\"inLanguage\":\"en-US\",\"@id\":\"https:\/\/www.foto8.com\/live\/#\/schema\/person\/image\/\",\"url\":\"https:\/\/secure.gravatar.com\/avatar\/6993c5976717725ffe3a4e678a401748?s=96&d=mm&r=g\",\"contentUrl\":\"https:\/\/secure.gravatar.com\/avatar\/6993c5976717725ffe3a4e678a401748?s=96&d=mm&r=g\",\"caption\":\"Jon\"},\"url\":\"https:\/\/www.foto8.com\/live\/author\/wpadmin\/\"}]}<\/script>\n<!-- \/ Yoast SEO plugin. -->","yoast_head_json":{"title":"My America - FOTO8","robots":{"index":"index","follow":"follow","max-snippet":"max-snippet:-1","max-image-preview":"max-image-preview:large","max-video-preview":"max-video-preview:-1"},"canonical":"https:\/\/www.foto8.com\/live\/my-america\/","og_locale":"en_US","og_type":"article","og_title":"My America - FOTO8","og_description":"Christopher Morris Published by Steidl \u00a324 180pp Hardback","og_url":"https:\/\/www.foto8.com\/live\/my-america\/","og_site_name":"FOTO8","article_publisher":"https:\/\/www.facebook.com\/Foto8\/","article_published_time":"2007-12-19T05:23:05+00:00","author":"Jon","twitter_misc":{"Written by":"Jon","Est. reading time":"2 minutes"},"schema":{"@context":"https:\/\/schema.org","@graph":[{"@type":"Article","@id":"https:\/\/www.foto8.com\/live\/my-america\/#article","isPartOf":{"@id":"https:\/\/www.foto8.com\/live\/my-america\/"},"author":{"name":"Jon","@id":"https:\/\/www.foto8.com\/live\/#\/schema\/person\/52655249f7e3f6eff4e0fe2540d65137"},"headline":"My America","datePublished":"2007-12-19T05:23:05+00:00","dateModified":"2007-12-19T05:23:05+00:00","mainEntityOfPage":{"@id":"https:\/\/www.foto8.com\/live\/my-america\/"},"wordCount":458,"commentCount":0,"publisher":{"@id":"https:\/\/www.foto8.com\/live\/#organization"},"articleSection":["Reviews"],"inLanguage":"en-US","potentialAction":[{"@type":"CommentAction","name":"Comment","target":["https:\/\/www.foto8.com\/live\/my-america\/#respond"]}]},{"@type":"WebPage","@id":"https:\/\/www.foto8.com\/live\/my-america\/","url":"https:\/\/www.foto8.com\/live\/my-america\/","name":"My America - FOTO8","isPartOf":{"@id":"https:\/\/www.foto8.com\/live\/#website"},"datePublished":"2007-12-19T05:23:05+00:00","dateModified":"2007-12-19T05:23:05+00:00","breadcrumb":{"@id":"https:\/\/www.foto8.com\/live\/my-america\/#breadcrumb"},"inLanguage":"en-US","potentialAction":[{"@type":"ReadAction","target":["https:\/\/www.foto8.com\/live\/my-america\/"]}]},{"@type":"BreadcrumbList","@id":"https:\/\/www.foto8.com\/live\/my-america\/#breadcrumb","itemListElement":[{"@type":"ListItem","position":1,"name":"Home","item":"https:\/\/www.foto8.com\/live\/"},{"@type":"ListItem","position":2,"name":"My America"}]},{"@type":"WebSite","@id":"https:\/\/www.foto8.com\/live\/#website","url":"https:\/\/www.foto8.com\/live\/","name":"FOTO8","description":"The home of photojournalism.","publisher":{"@id":"https:\/\/www.foto8.com\/live\/#organization"},"potentialAction":[{"@type":"SearchAction","target":{"@type":"EntryPoint","urlTemplate":"https:\/\/www.foto8.com\/live\/?s={search_term_string}"},"query-input":"required name=search_term_string"}],"inLanguage":"en-US"},{"@type":"Organization","@id":"https:\/\/www.foto8.com\/live\/#organization","name":"FOTO8","url":"https:\/\/www.foto8.com\/live\/","logo":{"@type":"ImageObject","inLanguage":"en-US","@id":"https:\/\/www.foto8.com\/live\/#\/schema\/logo\/image\/","url":"https:\/\/i0.wp.com\/www.foto8.com\/live\/wp-content\/uploads\/2023\/04\/foto8logo_blk.gif?fit=124%2C51&ssl=1","contentUrl":"https:\/\/i0.wp.com\/www.foto8.com\/live\/wp-content\/uploads\/2023\/04\/foto8logo_blk.gif?fit=124%2C51&ssl=1","width":124,"height":51,"caption":"FOTO8"},"image":{"@id":"https:\/\/www.foto8.com\/live\/#\/schema\/logo\/image\/"},"sameAs":["https:\/\/www.facebook.com\/Foto8\/","https:\/\/twitter.com\/foto8"]},{"@type":"Person","@id":"https:\/\/www.foto8.com\/live\/#\/schema\/person\/52655249f7e3f6eff4e0fe2540d65137","name":"Jon","image":{"@type":"ImageObject","inLanguage":"en-US","@id":"https:\/\/www.foto8.com\/live\/#\/schema\/person\/image\/","url":"https:\/\/secure.gravatar.com\/avatar\/6993c5976717725ffe3a4e678a401748?s=96&d=mm&r=g","contentUrl":"https:\/\/secure.gravatar.com\/avatar\/6993c5976717725ffe3a4e678a401748?s=96&d=mm&r=g","caption":"Jon"},"url":"https:\/\/www.foto8.com\/live\/author\/wpadmin\/"}]}},"jetpack_sharing_enabled":true,"jetpack_featured_media_url":"","jetpack_shortlink":"https:\/\/wp.me\/p4ejRI-4R","jetpack-related-posts":[{"id":2160,"url":"https:\/\/www.foto8.com\/live\/the-photographer\/","url_meta":{"origin":301,"position":0},"title":"The Photographer","author":"Jon","date":"15 Nov 2009","format":false,"excerpt":"Emmanuel Guibert, Didier Lef\u00e8vre, Fr\u00e9d\u00e9ric LemercierPublished by Dupuiswww.firstsecondbooks.com$10.99(273pp Softback)","rel":"","context":"In &quot;Reviews&quot;","block_context":{"text":"Reviews","link":"https:\/\/www.foto8.com\/live\/category\/online\/c131-reviews\/"},"img":{"alt_text":"","src":"","width":0,"height":0},"classes":[]},{"id":248,"url":"https:\/\/www.foto8.com\/live\/bosnians\/","url_meta":{"origin":301,"position":1},"title":"Bosnians","author":"Jon","date":"19 Dec 2007","format":false,"excerpt":"Paul Lowe Published by Saqi Books \u00a318.99 172pp Hardback\u00a0","rel":"","context":"In &quot;Reviews&quot;","block_context":{"text":"Reviews","link":"https:\/\/www.foto8.com\/live\/category\/online\/c131-reviews\/"},"img":{"alt_text":"","src":"","width":0,"height":0},"classes":[]},{"id":1234,"url":"https:\/\/www.foto8.com\/live\/looking-aids-in-the-face-gideon-mendel-at-the-frontline-club-foto8-live-stream\/","url_meta":{"origin":301,"position":2},"title":"Looking AIDS in the Face: Gideon Mendel at the Frontline Club (video)","author":"Jon","date":"23 Nov 2008","format":false,"excerpt":"Gideon Mendel has been documenting the impact of HIV\/ AIDS in Africa for twelve years.\u00a0 He presented his work with publisher Chris Boot at the Frontline Club on Wednesday November 26 at 7:30 pm as part of the ongoing In the Picture series of photographer talks.","rel":"","context":"In &quot;Blogs&quot;","block_context":{"text":"Blogs","link":"https:\/\/www.foto8.com\/live\/category\/online\/blogs\/"},"img":{"alt_text":"\u00a9 Gideon Mendel","src":"https:\/\/i0.wp.com\/www.foto8.com\/live\/wp-content\/uploads\/2008\/11\/mendel.jpg?fit=470%2C309&ssl=1&resize=350%2C200","width":350,"height":200},"classes":[]},{"id":4187,"url":"https:\/\/www.foto8.com\/live\/photographer-zed-nelson-at-rhubarb-birmingham-england-2009\/","url_meta":{"origin":301,"position":3},"title":"Photographer Zed Nelson at Rhubarb, Birmingham England 2009","author":"Jon","date":"11 Aug 2009","format":false,"excerpt":"\u00a0 Photographer Zed Nelson talks about showing his work to reviewers at the Rhubarb events in Birmingham England 2009","rel":"","context":"In &quot;Interviews&quot;","block_context":{"text":"Interviews","link":"https:\/\/www.foto8.com\/live\/category\/online\/interviews\/"},"img":{"alt_text":"","src":"https:\/\/i0.wp.com\/www.foto8.com\/live\/wp-content\/uploads\/2013\/07\/Screen-shot-2013-07-10-at-14.21.56.png?fit=303%2C297&ssl=1&resize=350%2C200","width":350,"height":200},"classes":[]},{"id":3437,"url":"https:\/\/www.foto8.com\/live\/noorderlicht-2009\/","url_meta":{"origin":301,"position":4},"title":"Noorderlicht 2009","author":"Jon","date":"15 Sep 2009","format":false,"excerpt":"Interviews from Noorderlicht Photofestival 2009 with Vincent Delbrouck, Linda Forsell, Adam Patterson and Lurdes Basoli.\u00a0","rel":"","context":"In &quot;Interviews&quot;","block_context":{"text":"Interviews","link":"https:\/\/www.foto8.com\/live\/category\/online\/interviews\/"},"img":{"alt_text":"","src":"","width":0,"height":0},"classes":[]},{"id":1298,"url":"https:\/\/www.foto8.com\/live\/jonas-bendiksen-at-lux-gallery-amsterdam\/","url_meta":{"origin":301,"position":5},"title":"Jonas Bendiksen at Lux Gallery Amsterdam","author":"Jon","date":"16 Jan 2009","format":false,"excerpt":"Lux Photo Gallery in Amsterdam have announced a lecture series with photographer Jonas Bendiksen on 27th January to coincide with the opening of a new exhibition of his photography, \"Selected Works\". Jonas Bendiksen , is an outstanding and articulate photographer responsible for some of the most respected thought provoking work\u2026","rel":"","context":"In &quot;events \/ exhibitions&quot;","block_context":{"text":"events \/ exhibitions","link":"https:\/\/www.foto8.com\/live\/category\/news\/c72-events-exhibitions\/"},"img":{"alt_text":"","src":"","width":0,"height":0},"classes":[]}],"_links":{"self":[{"href":"https:\/\/www.foto8.com\/live\/wp-json\/wp\/v2\/posts\/301"}],"collection":[{"href":"https:\/\/www.foto8.com\/live\/wp-json\/wp\/v2\/posts"}],"about":[{"href":"https:\/\/www.foto8.com\/live\/wp-json\/wp\/v2\/types\/post"}],"author":[{"embeddable":true,"href":"https:\/\/www.foto8.com\/live\/wp-json\/wp\/v2\/users\/1"}],"replies":[{"embeddable":true,"href":"https:\/\/www.foto8.com\/live\/wp-json\/wp\/v2\/comments?post=301"}],"version-history":[{"count":0,"href":"https:\/\/www.foto8.com\/live\/wp-json\/wp\/v2\/posts\/301\/revisions"}],"wp:attachment":[{"href":"https:\/\/www.foto8.com\/live\/wp-json\/wp\/v2\/media?parent=301"}],"wp:term":[{"taxonomy":"category","embeddable":true,"href":"https:\/\/www.foto8.com\/live\/wp-json\/wp\/v2\/categories?post=301"},{"taxonomy":"post_tag","embeddable":true,"href":"https:\/\/www.foto8.com\/live\/wp-json\/wp\/v2\/tags?post=301"}],"curies":[{"name":"wp","href":"https:\/\/api.w.org\/{rel}","templated":true}]}}