{"id":6829,"date":"2014-04-04T08:35:46","date_gmt":"2014-04-04T08:35:46","guid":{"rendered":"http:\/\/www.foto8.com\/live\/?p=6829"},"modified":"2014-04-04T09:53:06","modified_gmt":"2014-04-04T09:53:06","slug":"forcados-portuguese-bullfighters-eduardo-leal","status":"publish","type":"post","link":"https:\/\/www.foto8.com\/live\/forcados-portuguese-bullfighters-eduardo-leal\/","title":{"rendered":"Forcados, the Portuguese Bullfighters by Eduardo Leal"},"content":{"rendered":"<p>\u00a0<a href=\"https:\/\/www.foto8.com\/live\/forcados-portuguese-bullfighters-eduardo-leal\/39_lealeduardo06\/\" rel=\"attachment wp-att-8823\"><img data-attachment-id=\"8823\" data-permalink=\"https:\/\/www.foto8.com\/live\/forcados-portuguese-bullfighters-eduardo-leal\/39_lealeduardo06\/\" data-orig-file=\"https:\/\/i0.wp.com\/www.foto8.com\/live\/wp-content\/uploads\/2014\/01\/39_lealeduardo06.jpg?fit=935%2C624&amp;ssl=1\" data-orig-size=\"935,624\" data-comments-opened=\"1\" data-image-meta=\"{&quot;aperture&quot;:&quot;0&quot;,&quot;credit&quot;:&quot;&quot;,&quot;camera&quot;:&quot;&quot;,&quot;caption&quot;:&quot;&quot;,&quot;created_timestamp&quot;:&quot;0&quot;,&quot;copyright&quot;:&quot;&quot;,&quot;focal_length&quot;:&quot;0&quot;,&quot;iso&quot;:&quot;0&quot;,&quot;shutter_speed&quot;:&quot;0&quot;,&quot;title&quot;:&quot;&quot;}\" data-image-title=\"\" data-image-description=\"\" data-image-caption=\"\" data-medium-file=\"https:\/\/i0.wp.com\/www.foto8.com\/live\/wp-content\/uploads\/2014\/01\/39_lealeduardo06.jpg?fit=880%2C587&amp;ssl=1\" data-large-file=\"https:\/\/i0.wp.com\/www.foto8.com\/live\/wp-content\/uploads\/2014\/01\/39_lealeduardo06.jpg?fit=935%2C624&amp;ssl=1\" decoding=\"async\" loading=\"lazy\" class=\"alignnone size-medium wp-image-8823\" alt=\"\" src=\"https:\/\/i0.wp.com\/www.foto8.com\/live\/wp-content\/uploads\/2014\/01\/39_lealeduardo06.jpg?resize=880%2C587&#038;ssl=1\" width=\"880\" height=\"587\" srcset=\"https:\/\/i0.wp.com\/www.foto8.com\/live\/wp-content\/uploads\/2014\/01\/39_lealeduardo06.jpg?resize=880%2C587&amp;ssl=1 880w, https:\/\/i0.wp.com\/www.foto8.com\/live\/wp-content\/uploads\/2014\/01\/39_lealeduardo06.jpg?resize=150%2C100&amp;ssl=1 150w, https:\/\/i0.wp.com\/www.foto8.com\/live\/wp-content\/uploads\/2014\/01\/39_lealeduardo06.jpg?resize=480%2C320&amp;ssl=1 480w, https:\/\/i0.wp.com\/www.foto8.com\/live\/wp-content\/uploads\/2014\/01\/39_lealeduardo06.jpg?w=935&amp;ssl=1 935w\" sizes=\"(max-width: 880px) 100vw, 880px\" data-recalc-dims=\"1\" \/><\/a><\/p>\n<p>Portuguese Forcados lie somewhere between the bull riders of the Americas and the bloodier bullfighters of Spain. Unlike in Spain, where the bull is stabbed to death if the matador manages to win the contest, the forcados wrestle the animal (whose horns are capped) with their bare hands as a display of determination and bravura. The Spanish recently moved to permanently legalize deadly bullfighting (after the region of Catalonia outlawed it), but in 1836 Portuguese royal law banned the killing of bulls in the arena. While few can say the bull enjoys the &#8220;fight&#8221;, in the Portuguese arena at least, he is protected and will live to see another day.<\/p>\n<p>Usually, a group of eight Forcados challenge the bull in concert. The front man provokes the bull into a charge so that he can perform a <em>pega de cara<\/em>\u00a0 &#8211; face catch. He secures the bull by its neck or horns and must remain on the bull\u2019s head until the other members of the group can restrain the animal, enabling the man to extricate himself. The team\u2019s r<em>abujador<\/em> then holds on to the tail to finish off the performance.<\/p>\n<p>The Forcados are amateurs. Each team earns as little as \u20ac600 per contest, which allows them to pay for the group\u2019s insurance and perhaps a celebratory dinner after the match. But still they do it year in and year out because they are young men with much to prove, and a tradition to uphold.<\/p>\n<p>Eduardo Leal<br \/><a href=\"http:\/\/www.eduardoleal.co.uk\/index.php?\/about\/\" target=\"_blank\">http:\/\/www.eduardoleal.co.uk<\/a><\/p>\n<div class=\"tiled-gallery type-rectangular tiled-gallery-unresized\" data-original-width=\"1200\" data-carousel-extra='{&quot;blog_id&quot;:1,&quot;permalink&quot;:&quot;https:\\\/\\\/www.foto8.com\\\/live\\\/forcados-portuguese-bullfighters-eduardo-leal\\\/&quot;,&quot;likes_blog_id&quot;:62518302}' itemscope itemtype=\"http:\/\/schema.org\/ImageGallery\" > <div class=\"gallery-row\" style=\"width: 1200px; height: 360px;\" data-original-width=\"1200\" data-original-height=\"360\" > <div class=\"gallery-group images-1\" style=\"width: 538px; height: 360px;\" data-original-width=\"538\" data-original-height=\"360\" > <div class=\"tiled-gallery-item tiled-gallery-item-large\" itemprop=\"associatedMedia\" itemscope itemtype=\"http:\/\/schema.org\/ImageObject\"> <a href=\"https:\/\/i0.wp.com\/www.foto8.com\/live\/wp-content\/uploads\/2014\/01\/21.jpg?ssl=1\" border=\"0\" itemprop=\"url\"> <meta itemprop=\"width\" content=\"534\"> <meta itemprop=\"height\" content=\"356\"> <img class=\"\" data-attachment-id=\"6831\" data-orig-file=\"https:\/\/www.foto8.com\/live\/wp-content\/uploads\/2014\/01\/21.jpg\" data-orig-size=\"800,534\" data-comments-opened=\"1\" data-image-meta=\"{&quot;aperture&quot;:&quot;0&quot;,&quot;credit&quot;:&quot;Eduardo Leal&quot;,&quot;camera&quot;:&quot;&quot;,&quot;caption&quot;:&quot;Forcados from the group of \\u00c9vora gets help to put a 5 meters red waistband that protect their internal organs from the attack of the bull, Reguengos de Monsaraz, Portugal, 15th August 2013&quot;,&quot;created_timestamp&quot;:&quot;1376587425&quot;,&quot;copyright&quot;:&quot;Eduardo Leal \\u00a9\\rImage copyright remains property of the photographer unless otherwise agreed.\\rImages licensed only for the purpo&quot;,&quot;focal_length&quot;:&quot;0&quot;,&quot;iso&quot;:&quot;0&quot;,&quot;shutter_speed&quot;:&quot;0&quot;,&quot;title&quot;:&quot;Dressing for the bullfight&quot;}\" data-image-title=\"\" data-image-description=\"\" data-medium-file=\"https:\/\/i0.wp.com\/www.foto8.com\/live\/wp-content\/uploads\/2014\/01\/21.jpg?fit=800%2C534&#038;ssl=1\" data-large-file=\"https:\/\/i0.wp.com\/www.foto8.com\/live\/wp-content\/uploads\/2014\/01\/21.jpg?fit=800%2C534&#038;ssl=1\" src=\"https:\/\/i0.wp.com\/www.foto8.com\/live\/wp-content\/uploads\/2014\/01\/21.jpg?w=534&#038;h=356&#038;ssl=1\" srcset=\"https:\/\/i0.wp.com\/www.foto8.com\/live\/wp-content\/uploads\/2014\/01\/21.jpg?w=800&amp;ssl=1 800w, https:\/\/i0.wp.com\/www.foto8.com\/live\/wp-content\/uploads\/2014\/01\/21.jpg?resize=150%2C100&amp;ssl=1 150w\" width=\"534\" height=\"356\" loading=\"lazy\" data-original-width=\"534\" data-original-height=\"356\" itemprop=\"http:\/\/schema.org\/image\" title=\"\" alt=\"Dressing for the bullfight: Forcados from the group of \u00c9vora gets help to put a 5 meters red waistband that protect their internal organs from the attack of the bull, Reguengos de Monsaraz, Portugal.\" style=\"width: 534px; height: 356px;\" \/> <\/a> <div class=\"tiled-gallery-caption\" itemprop=\"caption description\"> Dressing for the bullfight: Forcados from the group of \u00c9vora gets help to put a 5 meters red waistband that protect their internal organs from the attack of the bull, Reguengos de Monsaraz, Portugal. <\/div> <\/div> <\/div> <!-- close group --> <div class=\"gallery-group images-1\" style=\"width: 242px; height: 360px;\" data-original-width=\"242\" data-original-height=\"360\" > <div class=\"tiled-gallery-item tiled-gallery-item-small\" itemprop=\"associatedMedia\" itemscope itemtype=\"http:\/\/schema.org\/ImageObject\"> <a href=\"https:\/\/i0.wp.com\/www.foto8.com\/live\/wp-content\/uploads\/2014\/01\/39_lealeduardo02.jpg?ssl=1\" border=\"0\" itemprop=\"url\"> <meta itemprop=\"width\" content=\"238\"> <meta itemprop=\"height\" content=\"356\"> <img class=\"\" data-attachment-id=\"8826\" data-orig-file=\"https:\/\/www.foto8.com\/live\/wp-content\/uploads\/2014\/01\/39_lealeduardo02.jpg\" data-orig-size=\"416,624\" data-comments-opened=\"1\" data-image-meta=\"{&quot;aperture&quot;:&quot;0&quot;,&quot;credit&quot;:&quot;&quot;,&quot;camera&quot;:&quot;&quot;,&quot;caption&quot;:&quot;&quot;,&quot;created_timestamp&quot;:&quot;0&quot;,&quot;copyright&quot;:&quot;&quot;,&quot;focal_length&quot;:&quot;0&quot;,&quot;iso&quot;:&quot;0&quot;,&quot;shutter_speed&quot;:&quot;0&quot;,&quot;title&quot;:&quot;&quot;}\" data-image-title=\"\" data-image-description=\"\" data-medium-file=\"https:\/\/i0.wp.com\/www.foto8.com\/live\/wp-content\/uploads\/2014\/01\/39_lealeduardo02.jpg?fit=416%2C624&#038;ssl=1\" data-large-file=\"https:\/\/i0.wp.com\/www.foto8.com\/live\/wp-content\/uploads\/2014\/01\/39_lealeduardo02.jpg?fit=416%2C624&#038;ssl=1\" src=\"https:\/\/i0.wp.com\/www.foto8.com\/live\/wp-content\/uploads\/2014\/01\/39_lealeduardo02.jpg?w=238&#038;h=356&#038;ssl=1\" srcset=\"https:\/\/i0.wp.com\/www.foto8.com\/live\/wp-content\/uploads\/2014\/01\/39_lealeduardo02.jpg?w=416&amp;ssl=1 416w, https:\/\/i0.wp.com\/www.foto8.com\/live\/wp-content\/uploads\/2014\/01\/39_lealeduardo02.jpg?resize=100%2C150&amp;ssl=1 100w, https:\/\/i0.wp.com\/www.foto8.com\/live\/wp-content\/uploads\/2014\/01\/39_lealeduardo02.jpg?resize=320%2C480&amp;ssl=1 320w\" width=\"238\" height=\"356\" loading=\"lazy\" data-original-width=\"238\" data-original-height=\"356\" itemprop=\"http:\/\/schema.org\/image\" title=\"\" alt=\"\" style=\"width: 238px; height: 356px;\" \/> <\/a> <\/div> <\/div> <!-- close group --> <div class=\"gallery-group images-1\" style=\"width: 420px; height: 360px;\" data-original-width=\"420\" data-original-height=\"360\" > <div class=\"tiled-gallery-item tiled-gallery-item-large\" itemprop=\"associatedMedia\" itemscope itemtype=\"http:\/\/schema.org\/ImageObject\"> <a href=\"https:\/\/i0.wp.com\/www.foto8.com\/live\/wp-content\/uploads\/2014\/01\/39_el-2013-ma-gfae-reg-56.jpg?ssl=1\" border=\"0\" itemprop=\"url\"> <meta itemprop=\"width\" content=\"416\"> <meta itemprop=\"height\" content=\"356\"> <img class=\"\" data-attachment-id=\"8820\" data-orig-file=\"https:\/\/www.foto8.com\/live\/wp-content\/uploads\/2014\/01\/39_el-2013-ma-gfae-reg-56.jpg\" data-orig-size=\"729,624\" data-comments-opened=\"1\" data-image-meta=\"{&quot;aperture&quot;:&quot;0&quot;,&quot;credit&quot;:&quot;&quot;,&quot;camera&quot;:&quot;&quot;,&quot;caption&quot;:&quot;&quot;,&quot;created_timestamp&quot;:&quot;0&quot;,&quot;copyright&quot;:&quot;&quot;,&quot;focal_length&quot;:&quot;0&quot;,&quot;iso&quot;:&quot;0&quot;,&quot;shutter_speed&quot;:&quot;0&quot;,&quot;title&quot;:&quot;&quot;}\" data-image-title=\"\" data-image-description=\"\" data-medium-file=\"https:\/\/i0.wp.com\/www.foto8.com\/live\/wp-content\/uploads\/2014\/01\/39_el-2013-ma-gfae-reg-56.jpg?fit=729%2C624&#038;ssl=1\" data-large-file=\"https:\/\/i0.wp.com\/www.foto8.com\/live\/wp-content\/uploads\/2014\/01\/39_el-2013-ma-gfae-reg-56.jpg?fit=729%2C624&#038;ssl=1\" src=\"https:\/\/i0.wp.com\/www.foto8.com\/live\/wp-content\/uploads\/2014\/01\/39_el-2013-ma-gfae-reg-56.jpg?w=416&#038;h=356&#038;ssl=1\" srcset=\"https:\/\/i0.wp.com\/www.foto8.com\/live\/wp-content\/uploads\/2014\/01\/39_el-2013-ma-gfae-reg-56.jpg?w=729&amp;ssl=1 729w, https:\/\/i0.wp.com\/www.foto8.com\/live\/wp-content\/uploads\/2014\/01\/39_el-2013-ma-gfae-reg-56.jpg?resize=150%2C128&amp;ssl=1 150w, https:\/\/i0.wp.com\/www.foto8.com\/live\/wp-content\/uploads\/2014\/01\/39_el-2013-ma-gfae-reg-56.jpg?resize=480%2C410&amp;ssl=1 480w\" width=\"416\" height=\"356\" loading=\"lazy\" data-original-width=\"416\" data-original-height=\"356\" itemprop=\"http:\/\/schema.org\/image\" title=\"\" alt=\"\" style=\"width: 416px; height: 356px;\" \/> <\/a> <\/div> <\/div> <!-- close group --> <\/div> <!-- close row --> <div class=\"gallery-row\" style=\"width: 1200px; height: 856px;\" data-original-width=\"1200\" data-original-height=\"856\" > <div class=\"gallery-group images-2\" style=\"width: 581px; height: 856px;\" data-original-width=\"581\" data-original-height=\"856\" > <div class=\"tiled-gallery-item tiled-gallery-item-large\" itemprop=\"associatedMedia\" itemscope itemtype=\"http:\/\/schema.org\/ImageObject\"> <a href=\"https:\/\/i0.wp.com\/www.foto8.com\/live\/wp-content\/uploads\/2014\/01\/39_el-2013-ma-gfae-ent-28.jpg?ssl=1\" border=\"0\" itemprop=\"url\"> <meta itemprop=\"width\" content=\"577\"> <meta itemprop=\"height\" content=\"463\"> <img class=\"\" data-attachment-id=\"8818\" data-orig-file=\"https:\/\/www.foto8.com\/live\/wp-content\/uploads\/2014\/01\/39_el-2013-ma-gfae-ent-28.jpg\" data-orig-size=\"778,624\" data-comments-opened=\"1\" data-image-meta=\"{&quot;aperture&quot;:&quot;0&quot;,&quot;credit&quot;:&quot;&quot;,&quot;camera&quot;:&quot;&quot;,&quot;caption&quot;:&quot;&quot;,&quot;created_timestamp&quot;:&quot;0&quot;,&quot;copyright&quot;:&quot;&quot;,&quot;focal_length&quot;:&quot;0&quot;,&quot;iso&quot;:&quot;0&quot;,&quot;shutter_speed&quot;:&quot;0&quot;,&quot;title&quot;:&quot;&quot;}\" data-image-title=\"\" data-image-description=\"\" data-medium-file=\"https:\/\/i0.wp.com\/www.foto8.com\/live\/wp-content\/uploads\/2014\/01\/39_el-2013-ma-gfae-ent-28.jpg?fit=778%2C624&#038;ssl=1\" data-large-file=\"https:\/\/i0.wp.com\/www.foto8.com\/live\/wp-content\/uploads\/2014\/01\/39_el-2013-ma-gfae-ent-28.jpg?fit=778%2C624&#038;ssl=1\" src=\"https:\/\/i0.wp.com\/www.foto8.com\/live\/wp-content\/uploads\/2014\/01\/39_el-2013-ma-gfae-ent-28.jpg?w=577&#038;h=463&#038;ssl=1\" srcset=\"https:\/\/i0.wp.com\/www.foto8.com\/live\/wp-content\/uploads\/2014\/01\/39_el-2013-ma-gfae-ent-28.jpg?w=778&amp;ssl=1 778w, https:\/\/i0.wp.com\/www.foto8.com\/live\/wp-content\/uploads\/2014\/01\/39_el-2013-ma-gfae-ent-28.jpg?resize=150%2C120&amp;ssl=1 150w, https:\/\/i0.wp.com\/www.foto8.com\/live\/wp-content\/uploads\/2014\/01\/39_el-2013-ma-gfae-ent-28.jpg?resize=480%2C384&amp;ssl=1 480w\" width=\"577\" height=\"463\" loading=\"lazy\" data-original-width=\"577\" data-original-height=\"463\" itemprop=\"http:\/\/schema.org\/image\" title=\"\" alt=\"\" style=\"width: 577px; height: 463px;\" \/> <\/a> <\/div> <div class=\"tiled-gallery-item tiled-gallery-item-large\" itemprop=\"associatedMedia\" itemscope itemtype=\"http:\/\/schema.org\/ImageObject\"> <a href=\"https:\/\/i0.wp.com\/www.foto8.com\/live\/wp-content\/uploads\/2014\/01\/39_lealeduardo06.jpg?ssl=1\" border=\"0\" itemprop=\"url\"> <meta itemprop=\"width\" content=\"577\"> <meta itemprop=\"height\" content=\"385\"> <img class=\"\" data-attachment-id=\"8823\" data-orig-file=\"https:\/\/www.foto8.com\/live\/wp-content\/uploads\/2014\/01\/39_lealeduardo06.jpg\" data-orig-size=\"935,624\" data-comments-opened=\"1\" data-image-meta=\"{&quot;aperture&quot;:&quot;0&quot;,&quot;credit&quot;:&quot;&quot;,&quot;camera&quot;:&quot;&quot;,&quot;caption&quot;:&quot;&quot;,&quot;created_timestamp&quot;:&quot;0&quot;,&quot;copyright&quot;:&quot;&quot;,&quot;focal_length&quot;:&quot;0&quot;,&quot;iso&quot;:&quot;0&quot;,&quot;shutter_speed&quot;:&quot;0&quot;,&quot;title&quot;:&quot;&quot;}\" data-image-title=\"\" data-image-description=\"\" data-medium-file=\"https:\/\/i0.wp.com\/www.foto8.com\/live\/wp-content\/uploads\/2014\/01\/39_lealeduardo06.jpg?fit=880%2C587&#038;ssl=1\" data-large-file=\"https:\/\/i0.wp.com\/www.foto8.com\/live\/wp-content\/uploads\/2014\/01\/39_lealeduardo06.jpg?fit=935%2C624&#038;ssl=1\" src=\"https:\/\/i0.wp.com\/www.foto8.com\/live\/wp-content\/uploads\/2014\/01\/39_lealeduardo06.jpg?w=577&#038;h=385&#038;ssl=1\" srcset=\"https:\/\/i0.wp.com\/www.foto8.com\/live\/wp-content\/uploads\/2014\/01\/39_lealeduardo06.jpg?w=935&amp;ssl=1 935w, https:\/\/i0.wp.com\/www.foto8.com\/live\/wp-content\/uploads\/2014\/01\/39_lealeduardo06.jpg?resize=150%2C100&amp;ssl=1 150w, https:\/\/i0.wp.com\/www.foto8.com\/live\/wp-content\/uploads\/2014\/01\/39_lealeduardo06.jpg?resize=880%2C587&amp;ssl=1 880w, https:\/\/i0.wp.com\/www.foto8.com\/live\/wp-content\/uploads\/2014\/01\/39_lealeduardo06.jpg?resize=480%2C320&amp;ssl=1 480w\" width=\"577\" height=\"385\" loading=\"lazy\" data-original-width=\"577\" data-original-height=\"385\" itemprop=\"http:\/\/schema.org\/image\" title=\"\" alt=\"\" style=\"width: 577px; height: 385px;\" \/> <\/a> <\/div> <\/div> <!-- close group --> <div class=\"gallery-group images-1\" style=\"width: 619px; height: 856px;\" data-original-width=\"619\" data-original-height=\"856\" > <div class=\"tiled-gallery-item tiled-gallery-item-large\" itemprop=\"associatedMedia\" itemscope itemtype=\"http:\/\/schema.org\/ImageObject\"> <a href=\"https:\/\/i0.wp.com\/www.foto8.com\/live\/wp-content\/uploads\/2014\/01\/31.jpg?ssl=1\" border=\"0\" itemprop=\"url\"> <meta itemprop=\"width\" content=\"615\"> <meta itemprop=\"height\" content=\"852\"> <img class=\"\" data-attachment-id=\"6832\" data-orig-file=\"https:\/\/www.foto8.com\/live\/wp-content\/uploads\/2014\/01\/31.jpg\" data-orig-size=\"577,800\" data-comments-opened=\"1\" data-image-meta=\"{&quot;aperture&quot;:&quot;0&quot;,&quot;credit&quot;:&quot;Eduardo Leal&quot;,&quot;camera&quot;:&quot;&quot;,&quot;caption&quot;:&quot;Guga Oliveira, one of the members of the group of Forcados of \\u00c9vora looks to another member of the group praying before the bullfight, Alcochete Arena, Portugal, 13th August, 2013&quot;,&quot;created_timestamp&quot;:&quot;1376431697&quot;,&quot;copyright&quot;:&quot;Eduardo Leal \\u00a9&quot;,&quot;focal_length&quot;:&quot;0&quot;,&quot;iso&quot;:&quot;0&quot;,&quot;shutter_speed&quot;:&quot;0&quot;,&quot;title&quot;:&quot;Praying for protection&quot;}\" data-image-title=\"\" data-image-description=\"\" data-medium-file=\"https:\/\/i0.wp.com\/www.foto8.com\/live\/wp-content\/uploads\/2014\/01\/31.jpg?fit=577%2C800&#038;ssl=1\" data-large-file=\"https:\/\/i0.wp.com\/www.foto8.com\/live\/wp-content\/uploads\/2014\/01\/31.jpg?fit=577%2C800&#038;ssl=1\" src=\"https:\/\/i0.wp.com\/www.foto8.com\/live\/wp-content\/uploads\/2014\/01\/31.jpg?w=615&#038;h=852&#038;ssl=1\" srcset=\"https:\/\/i0.wp.com\/www.foto8.com\/live\/wp-content\/uploads\/2014\/01\/31.jpg?w=577&amp;ssl=1 577w, https:\/\/i0.wp.com\/www.foto8.com\/live\/wp-content\/uploads\/2014\/01\/31.jpg?resize=108%2C150&amp;ssl=1 108w\" width=\"615\" height=\"852\" loading=\"lazy\" data-original-width=\"615\" data-original-height=\"852\" itemprop=\"http:\/\/schema.org\/image\" title=\"\" alt=\"Praying for protection: Guga Oliveira, one of the members of the group of Forcados of \u00c9vora looks to another member of the group praying before the bullfight, Alcochete Arena, Portugal.\" style=\"width: 615px; height: 852px;\" \/> <\/a> <div class=\"tiled-gallery-caption\" itemprop=\"caption description\"> Praying for protection: Guga Oliveira, one of the members of the group of Forcados of \u00c9vora looks to another member of the group praying before the bullfight, Alcochete Arena, Portugal. <\/div> <\/div> <\/div> <!-- close group --> <\/div> <!-- close row --> <div class=\"gallery-row\" style=\"width: 1200px; height: 1024px;\" data-original-width=\"1200\" data-original-height=\"1024\" > <div class=\"gallery-group images-1\" style=\"width: 698px; height: 1024px;\" data-original-width=\"698\" data-original-height=\"1024\" > <div class=\"tiled-gallery-item tiled-gallery-item-large\" itemprop=\"associatedMedia\" itemscope itemtype=\"http:\/\/schema.org\/ImageObject\"> <a href=\"https:\/\/i0.wp.com\/www.foto8.com\/live\/wp-content\/uploads\/2014\/01\/39_el-2013-ma-gfae-val-169.jpg?ssl=1\" border=\"0\" itemprop=\"url\"> <meta itemprop=\"width\" content=\"694\"> <meta itemprop=\"height\" content=\"1020\"> <img class=\"\" data-attachment-id=\"8821\" data-orig-file=\"https:\/\/www.foto8.com\/live\/wp-content\/uploads\/2014\/01\/39_el-2013-ma-gfae-val-169.jpg\" data-orig-size=\"425,624\" data-comments-opened=\"1\" data-image-meta=\"{&quot;aperture&quot;:&quot;0&quot;,&quot;credit&quot;:&quot;&quot;,&quot;camera&quot;:&quot;&quot;,&quot;caption&quot;:&quot;&quot;,&quot;created_timestamp&quot;:&quot;0&quot;,&quot;copyright&quot;:&quot;&quot;,&quot;focal_length&quot;:&quot;0&quot;,&quot;iso&quot;:&quot;0&quot;,&quot;shutter_speed&quot;:&quot;0&quot;,&quot;title&quot;:&quot;&quot;}\" data-image-title=\"\" data-image-description=\"\" data-medium-file=\"https:\/\/i0.wp.com\/www.foto8.com\/live\/wp-content\/uploads\/2014\/01\/39_el-2013-ma-gfae-val-169.jpg?fit=425%2C624&#038;ssl=1\" data-large-file=\"https:\/\/i0.wp.com\/www.foto8.com\/live\/wp-content\/uploads\/2014\/01\/39_el-2013-ma-gfae-val-169.jpg?fit=425%2C624&#038;ssl=1\" src=\"https:\/\/i0.wp.com\/www.foto8.com\/live\/wp-content\/uploads\/2014\/01\/39_el-2013-ma-gfae-val-169.jpg?w=694&#038;h=1020&#038;ssl=1\" srcset=\"https:\/\/i0.wp.com\/www.foto8.com\/live\/wp-content\/uploads\/2014\/01\/39_el-2013-ma-gfae-val-169.jpg?w=425&amp;ssl=1 425w, https:\/\/i0.wp.com\/www.foto8.com\/live\/wp-content\/uploads\/2014\/01\/39_el-2013-ma-gfae-val-169.jpg?resize=102%2C150&amp;ssl=1 102w, https:\/\/i0.wp.com\/www.foto8.com\/live\/wp-content\/uploads\/2014\/01\/39_el-2013-ma-gfae-val-169.jpg?resize=326%2C480&amp;ssl=1 326w\" width=\"694\" height=\"1020\" loading=\"lazy\" data-original-width=\"694\" data-original-height=\"1020\" itemprop=\"http:\/\/schema.org\/image\" title=\"\" alt=\"\" style=\"width: 694px; height: 1020px;\" \/> <\/a> <\/div> <\/div> <!-- close group --> <div class=\"gallery-group images-3\" style=\"width: 502px; height: 1024px;\" data-original-width=\"502\" data-original-height=\"1024\" > <div class=\"tiled-gallery-item tiled-gallery-item-large\" itemprop=\"associatedMedia\" itemscope itemtype=\"http:\/\/schema.org\/ImageObject\"> <a href=\"https:\/\/i0.wp.com\/www.foto8.com\/live\/wp-content\/uploads\/2014\/01\/13.jpg?ssl=1\" border=\"0\" itemprop=\"url\"> <meta itemprop=\"width\" content=\"498\"> <meta itemprop=\"height\" content=\"356\"> <img class=\"\" data-attachment-id=\"6830\" data-orig-file=\"https:\/\/www.foto8.com\/live\/wp-content\/uploads\/2014\/01\/13.jpg\" data-orig-size=\"800,572\" data-comments-opened=\"1\" data-image-meta=\"{&quot;aperture&quot;:&quot;0&quot;,&quot;credit&quot;:&quot;Eduardo Leal&quot;,&quot;camera&quot;:&quot;&quot;,&quot;caption&quot;:&quot;The \\u0027jaqueta\\u0027, a forcado\\u0027s jacket seen in the dressing room before the bullfight in Valverde, Portugal, 3rd August 2013. The jacket distinguishes each group from a another because of the different fabrics and patterns. It is also extremely important for the forcados since it passes from generation to generation.&quot;,&quot;created_timestamp&quot;:&quot;1375563779&quot;,&quot;copyright&quot;:&quot;Eduardo Leal \\u00a9\\rImage copyright remains property of the photographer unless otherwise agreed.\\rImages licensed only for the purpo&quot;,&quot;focal_length&quot;:&quot;0&quot;,&quot;iso&quot;:&quot;0&quot;,&quot;shutter_speed&quot;:&quot;0&quot;,&quot;title&quot;:&quot;Forcados jacket&quot;}\" data-image-title=\"\" data-image-description=\"\" data-medium-file=\"https:\/\/i0.wp.com\/www.foto8.com\/live\/wp-content\/uploads\/2014\/01\/13.jpg?fit=800%2C572&#038;ssl=1\" data-large-file=\"https:\/\/i0.wp.com\/www.foto8.com\/live\/wp-content\/uploads\/2014\/01\/13.jpg?fit=800%2C572&#038;ssl=1\" src=\"https:\/\/i0.wp.com\/www.foto8.com\/live\/wp-content\/uploads\/2014\/01\/13.jpg?w=498&#038;h=356&#038;ssl=1\" srcset=\"https:\/\/i0.wp.com\/www.foto8.com\/live\/wp-content\/uploads\/2014\/01\/13.jpg?w=800&amp;ssl=1 800w, https:\/\/i0.wp.com\/www.foto8.com\/live\/wp-content\/uploads\/2014\/01\/13.jpg?resize=150%2C107&amp;ssl=1 150w\" width=\"498\" height=\"356\" loading=\"lazy\" data-original-width=\"498\" data-original-height=\"356\" itemprop=\"http:\/\/schema.org\/image\" title=\"\" alt=\"Forcados jacket: The &#039;jaqueta&#039;, a forcado&#039;s jacket seen in the dressing room before the bullfight in Valverde, Portugal, 3rd August 2013. The jacket distinguishes each group from a another because of the different fabrics and patterns. It is also extremely important for the forcados since it passes from generation to generation.\" style=\"width: 498px; height: 356px;\" \/> <\/a> <div class=\"tiled-gallery-caption\" itemprop=\"caption description\"> Forcados jacket: The &#8216;jaqueta&#8217;, a forcado&#8217;s jacket seen in the dressing room before the bullfight in Valverde, Portugal, 3rd August 2013. The jacket distinguishes each group from a another because of the different fabrics and patterns. It is also extremely important for the forcados since it passes from generation to generation. <\/div> <\/div> <div class=\"tiled-gallery-item tiled-gallery-item-large\" itemprop=\"associatedMedia\" itemscope itemtype=\"http:\/\/schema.org\/ImageObject\"> <a href=\"https:\/\/i0.wp.com\/www.foto8.com\/live\/wp-content\/uploads\/2014\/01\/39_el-2013-ma-gfae-reg-76.jpg?ssl=1\" border=\"0\" itemprop=\"url\"> <meta itemprop=\"width\" content=\"498\"> <meta itemprop=\"height\" content=\"324\"> <img class=\"\" data-attachment-id=\"8825\" data-orig-file=\"https:\/\/www.foto8.com\/live\/wp-content\/uploads\/2014\/01\/39_el-2013-ma-gfae-reg-76.jpg\" data-orig-size=\"959,624\" data-comments-opened=\"1\" data-image-meta=\"{&quot;aperture&quot;:&quot;0&quot;,&quot;credit&quot;:&quot;&quot;,&quot;camera&quot;:&quot;&quot;,&quot;caption&quot;:&quot;&quot;,&quot;created_timestamp&quot;:&quot;0&quot;,&quot;copyright&quot;:&quot;&quot;,&quot;focal_length&quot;:&quot;0&quot;,&quot;iso&quot;:&quot;0&quot;,&quot;shutter_speed&quot;:&quot;0&quot;,&quot;title&quot;:&quot;&quot;}\" data-image-title=\"\" data-image-description=\"\" data-medium-file=\"https:\/\/i0.wp.com\/www.foto8.com\/live\/wp-content\/uploads\/2014\/01\/39_el-2013-ma-gfae-reg-76.jpg?fit=880%2C572&#038;ssl=1\" data-large-file=\"https:\/\/i0.wp.com\/www.foto8.com\/live\/wp-content\/uploads\/2014\/01\/39_el-2013-ma-gfae-reg-76.jpg?fit=959%2C624&#038;ssl=1\" src=\"https:\/\/i0.wp.com\/www.foto8.com\/live\/wp-content\/uploads\/2014\/01\/39_el-2013-ma-gfae-reg-76.jpg?w=498&#038;h=324&#038;ssl=1\" srcset=\"https:\/\/i0.wp.com\/www.foto8.com\/live\/wp-content\/uploads\/2014\/01\/39_el-2013-ma-gfae-reg-76.jpg?w=959&amp;ssl=1 959w, https:\/\/i0.wp.com\/www.foto8.com\/live\/wp-content\/uploads\/2014\/01\/39_el-2013-ma-gfae-reg-76.jpg?resize=150%2C97&amp;ssl=1 150w, https:\/\/i0.wp.com\/www.foto8.com\/live\/wp-content\/uploads\/2014\/01\/39_el-2013-ma-gfae-reg-76.jpg?resize=880%2C572&amp;ssl=1 880w, https:\/\/i0.wp.com\/www.foto8.com\/live\/wp-content\/uploads\/2014\/01\/39_el-2013-ma-gfae-reg-76.jpg?resize=480%2C312&amp;ssl=1 480w\" width=\"498\" height=\"324\" loading=\"lazy\" data-original-width=\"498\" data-original-height=\"324\" itemprop=\"http:\/\/schema.org\/image\" title=\"\" alt=\"\" style=\"width: 498px; height: 324px;\" \/> <\/a> <\/div> <div class=\"tiled-gallery-item tiled-gallery-item-large\" itemprop=\"associatedMedia\" itemscope itemtype=\"http:\/\/schema.org\/ImageObject\"> <a href=\"https:\/\/i0.wp.com\/www.foto8.com\/live\/wp-content\/uploads\/2014\/01\/39_lealeduardo08.jpg?ssl=1\" border=\"0\" itemprop=\"url\"> <meta itemprop=\"width\" content=\"498\"> <meta itemprop=\"height\" content=\"332\"> <img class=\"\" data-attachment-id=\"8822\" data-orig-file=\"https:\/\/www.foto8.com\/live\/wp-content\/uploads\/2014\/01\/39_lealeduardo08.jpg\" data-orig-size=\"935,624\" data-comments-opened=\"1\" data-image-meta=\"{&quot;aperture&quot;:&quot;0&quot;,&quot;credit&quot;:&quot;&quot;,&quot;camera&quot;:&quot;&quot;,&quot;caption&quot;:&quot;&quot;,&quot;created_timestamp&quot;:&quot;0&quot;,&quot;copyright&quot;:&quot;&quot;,&quot;focal_length&quot;:&quot;0&quot;,&quot;iso&quot;:&quot;0&quot;,&quot;shutter_speed&quot;:&quot;0&quot;,&quot;title&quot;:&quot;&quot;}\" data-image-title=\"\" data-image-description=\"\" data-medium-file=\"https:\/\/i0.wp.com\/www.foto8.com\/live\/wp-content\/uploads\/2014\/01\/39_lealeduardo08.jpg?fit=880%2C587&#038;ssl=1\" data-large-file=\"https:\/\/i0.wp.com\/www.foto8.com\/live\/wp-content\/uploads\/2014\/01\/39_lealeduardo08.jpg?fit=935%2C624&#038;ssl=1\" src=\"https:\/\/i0.wp.com\/www.foto8.com\/live\/wp-content\/uploads\/2014\/01\/39_lealeduardo08.jpg?w=498&#038;h=332&#038;ssl=1\" srcset=\"https:\/\/i0.wp.com\/www.foto8.com\/live\/wp-content\/uploads\/2014\/01\/39_lealeduardo08.jpg?w=935&amp;ssl=1 935w, https:\/\/i0.wp.com\/www.foto8.com\/live\/wp-content\/uploads\/2014\/01\/39_lealeduardo08.jpg?resize=150%2C100&amp;ssl=1 150w, https:\/\/i0.wp.com\/www.foto8.com\/live\/wp-content\/uploads\/2014\/01\/39_lealeduardo08.jpg?resize=880%2C587&amp;ssl=1 880w, https:\/\/i0.wp.com\/www.foto8.com\/live\/wp-content\/uploads\/2014\/01\/39_lealeduardo08.jpg?resize=480%2C320&amp;ssl=1 480w\" width=\"498\" height=\"332\" loading=\"lazy\" data-original-width=\"498\" data-original-height=\"332\" itemprop=\"http:\/\/schema.org\/image\" title=\"\" alt=\"\" style=\"width: 498px; height: 332px;\" \/> <\/a> <\/div> <\/div> <!-- close group --> <\/div> <!-- close row --> <div class=\"gallery-row\" style=\"width: 1200px; height: 566px;\" data-original-width=\"1200\" data-original-height=\"566\" > <div class=\"gallery-group images-1\" style=\"width: 781px; height: 566px;\" data-original-width=\"781\" data-original-height=\"566\" > <div class=\"tiled-gallery-item tiled-gallery-item-large\" itemprop=\"associatedMedia\" itemscope itemtype=\"http:\/\/schema.org\/ImageObject\"> <a href=\"https:\/\/i0.wp.com\/www.foto8.com\/live\/wp-content\/uploads\/2014\/01\/41.jpg?ssl=1\" border=\"0\" itemprop=\"url\"> <meta itemprop=\"width\" content=\"777\"> <meta itemprop=\"height\" content=\"562\"> <img class=\"\" data-attachment-id=\"6833\" data-orig-file=\"https:\/\/www.foto8.com\/live\/wp-content\/uploads\/2014\/01\/41.jpg\" data-orig-size=\"800,578\" data-comments-opened=\"1\" data-image-meta=\"{&quot;aperture&quot;:&quot;0&quot;,&quot;credit&quot;:&quot;Eduardo Leal&quot;,&quot;camera&quot;:&quot;&quot;,&quot;caption&quot;:&quot;Before each time a the group enters in the arena to face the bull forcados performe a small blessing. Forcados groups are extremely religious. Reguengos de Monsaraz, Portugal, 15th August 2013&quot;,&quot;created_timestamp&quot;:&quot;1376591668&quot;,&quot;copyright&quot;:&quot;Eduardo Leal \\u00a9&quot;,&quot;focal_length&quot;:&quot;0&quot;,&quot;iso&quot;:&quot;0&quot;,&quot;shutter_speed&quot;:&quot;0&quot;,&quot;title&quot;:&quot;Blessings before wrestling the bull&quot;}\" data-image-title=\"\" data-image-description=\"\" data-medium-file=\"https:\/\/i0.wp.com\/www.foto8.com\/live\/wp-content\/uploads\/2014\/01\/41.jpg?fit=800%2C578&#038;ssl=1\" data-large-file=\"https:\/\/i0.wp.com\/www.foto8.com\/live\/wp-content\/uploads\/2014\/01\/41.jpg?fit=800%2C578&#038;ssl=1\" src=\"https:\/\/i0.wp.com\/www.foto8.com\/live\/wp-content\/uploads\/2014\/01\/41.jpg?w=777&#038;h=562&#038;ssl=1\" srcset=\"https:\/\/i0.wp.com\/www.foto8.com\/live\/wp-content\/uploads\/2014\/01\/41.jpg?w=800&amp;ssl=1 800w, https:\/\/i0.wp.com\/www.foto8.com\/live\/wp-content\/uploads\/2014\/01\/41.jpg?resize=150%2C108&amp;ssl=1 150w\" width=\"777\" height=\"562\" loading=\"lazy\" data-original-width=\"777\" data-original-height=\"562\" itemprop=\"http:\/\/schema.org\/image\" title=\"\" alt=\"Blessings before wrestling the bull: Before each time a the group enters in the arena to face the bull forcados performe a small blessing. Forcados groups are extremely religious. Reguengos de Monsaraz, Portugal.\" style=\"width: 777px; height: 562px;\" \/> <\/a> <div class=\"tiled-gallery-caption\" itemprop=\"caption description\"> Blessings before wrestling the bull: Before each time a the group enters in the arena to face the bull forcados performe a small blessing. Forcados groups are extremely religious. Reguengos de Monsaraz, Portugal. <\/div> <\/div> <\/div> <!-- close group --> <div class=\"gallery-group images-2\" style=\"width: 419px; height: 566px;\" data-original-width=\"419\" data-original-height=\"566\" > <div class=\"tiled-gallery-item tiled-gallery-item-large\" itemprop=\"associatedMedia\" itemscope itemtype=\"http:\/\/schema.org\/ImageObject\"> <a href=\"https:\/\/i0.wp.com\/www.foto8.com\/live\/wp-content\/uploads\/2014\/01\/51.jpg?ssl=1\" border=\"0\" itemprop=\"url\"> <meta itemprop=\"width\" content=\"415\"> <meta itemprop=\"height\" content=\"281\"> <img class=\"\" data-attachment-id=\"6834\" data-orig-file=\"https:\/\/www.foto8.com\/live\/wp-content\/uploads\/2014\/01\/51.jpg\" data-orig-size=\"800,542\" data-comments-opened=\"1\" data-image-meta=\"{&quot;aperture&quot;:&quot;0&quot;,&quot;credit&quot;:&quot;Eduardo Leal&quot;,&quot;camera&quot;:&quot;&quot;,&quot;caption&quot;:&quot;Forcado jumps the trenches to enter in the arena. They try to make it as artistic as possible, since its one of the most important rituals before the \\u0027pega\\u0027 or head catch of the bull, Alcochete Arena, Portugal, 13th August 2013&quot;,&quot;created_timestamp&quot;:&quot;1376437557&quot;,&quot;copyright&quot;:&quot;Eduardo Leal \\u00a9&quot;,&quot;focal_length&quot;:&quot;0&quot;,&quot;iso&quot;:&quot;0&quot;,&quot;shutter_speed&quot;:&quot;0&quot;,&quot;title&quot;:&quot;Jumping the trenches&quot;}\" data-image-title=\"\" data-image-description=\"\" data-medium-file=\"https:\/\/i0.wp.com\/www.foto8.com\/live\/wp-content\/uploads\/2014\/01\/51.jpg?fit=800%2C542&#038;ssl=1\" data-large-file=\"https:\/\/i0.wp.com\/www.foto8.com\/live\/wp-content\/uploads\/2014\/01\/51.jpg?fit=800%2C542&#038;ssl=1\" src=\"https:\/\/i0.wp.com\/www.foto8.com\/live\/wp-content\/uploads\/2014\/01\/51.jpg?w=415&#038;h=281&#038;ssl=1\" srcset=\"https:\/\/i0.wp.com\/www.foto8.com\/live\/wp-content\/uploads\/2014\/01\/51.jpg?w=800&amp;ssl=1 800w, https:\/\/i0.wp.com\/www.foto8.com\/live\/wp-content\/uploads\/2014\/01\/51.jpg?resize=150%2C101&amp;ssl=1 150w\" width=\"415\" height=\"281\" loading=\"lazy\" data-original-width=\"415\" data-original-height=\"281\" itemprop=\"http:\/\/schema.org\/image\" title=\"\" alt=\"Jumping the trenches: Forcado jumps the trenches to enter in the arena. They try to make it as artistic as possible, since its one of the most important rituals before the &#039;pega&#039; or head catch of the bull, Alcochete Arena, Portugal.\" style=\"width: 415px; height: 281px;\" \/> <\/a> <div class=\"tiled-gallery-caption\" itemprop=\"caption description\"> Jumping the trenches: Forcado jumps the trenches to enter in the arena. They try to make it as artistic as possible, since its one of the most important rituals before the &#8216;pega&#8217; or head catch of the bull, Alcochete Arena, Portugal. <\/div> <\/div> <div class=\"tiled-gallery-item tiled-gallery-item-large\" itemprop=\"associatedMedia\" itemscope itemtype=\"http:\/\/schema.org\/ImageObject\"> <a href=\"https:\/\/i0.wp.com\/www.foto8.com\/live\/wp-content\/uploads\/2014\/01\/61.jpg?ssl=1\" border=\"0\" itemprop=\"url\"> <meta itemprop=\"width\" content=\"415\"> <meta itemprop=\"height\" content=\"277\"> <img class=\"\" data-attachment-id=\"6835\" data-orig-file=\"https:\/\/www.foto8.com\/live\/wp-content\/uploads\/2014\/01\/61.jpg\" data-orig-size=\"800,534\" data-comments-opened=\"1\" data-image-meta=\"{&quot;aperture&quot;:&quot;0&quot;,&quot;credit&quot;:&quot;Eduardo Leal&quot;,&quot;camera&quot;:&quot;&quot;,&quot;caption&quot;:&quot;A member of the \\u00c9vora forcados performes a face catch at Barbarela style, grabbing the bull by the neck, Reguengos de Monsaraz, Portugal, 15th August 2013&quot;,&quot;created_timestamp&quot;:&quot;1376597812&quot;,&quot;copyright&quot;:&quot;Eduardo Leal \\u00a9\\rImage copyright remains property of the photographer unless otherwise agreed.\\rImages licensed only for the purpo&quot;,&quot;focal_length&quot;:&quot;0&quot;,&quot;iso&quot;:&quot;0&quot;,&quot;shutter_speed&quot;:&quot;0&quot;,&quot;title&quot;:&quot;The face catch&quot;}\" data-image-title=\"\" data-image-description=\"\" data-medium-file=\"https:\/\/i0.wp.com\/www.foto8.com\/live\/wp-content\/uploads\/2014\/01\/61.jpg?fit=800%2C534&#038;ssl=1\" data-large-file=\"https:\/\/i0.wp.com\/www.foto8.com\/live\/wp-content\/uploads\/2014\/01\/61.jpg?fit=800%2C534&#038;ssl=1\" src=\"https:\/\/i0.wp.com\/www.foto8.com\/live\/wp-content\/uploads\/2014\/01\/61.jpg?w=415&#038;h=277&#038;ssl=1\" srcset=\"https:\/\/i0.wp.com\/www.foto8.com\/live\/wp-content\/uploads\/2014\/01\/61.jpg?w=800&amp;ssl=1 800w, https:\/\/i0.wp.com\/www.foto8.com\/live\/wp-content\/uploads\/2014\/01\/61.jpg?resize=150%2C100&amp;ssl=1 150w\" width=\"415\" height=\"277\" loading=\"lazy\" data-original-width=\"415\" data-original-height=\"277\" itemprop=\"http:\/\/schema.org\/image\" title=\"\" alt=\"The face catch: A member of the \u00c9vora forcados performes a face catch at Barbarela style, grabbing the bull by the neck, Reguengos de Monsaraz, Portugal.\" style=\"width: 415px; height: 277px;\" \/> <\/a> <div class=\"tiled-gallery-caption\" itemprop=\"caption description\"> The face catch: A member of the \u00c9vora forcados performes a face catch at Barbarela style, grabbing the bull by the neck, Reguengos de Monsaraz, Portugal. <\/div> <\/div> <\/div> <!-- close group --> <\/div> <!-- close row --> <div class=\"gallery-row\" style=\"width: 1200px; height: 1041px;\" data-original-width=\"1200\" data-original-height=\"1041\" > <div class=\"gallery-group images-3\" style=\"width: 504px; height: 1041px;\" data-original-width=\"504\" data-original-height=\"1041\" > <div class=\"tiled-gallery-item tiled-gallery-item-large\" itemprop=\"associatedMedia\" itemscope itemtype=\"http:\/\/schema.org\/ImageObject\"> <a href=\"https:\/\/i0.wp.com\/www.foto8.com\/live\/wp-content\/uploads\/2014\/01\/71.jpg?ssl=1\" border=\"0\" itemprop=\"url\"> <meta itemprop=\"width\" content=\"500\"> <meta itemprop=\"height\" content=\"327\"> <img class=\"\" data-attachment-id=\"6836\" data-orig-file=\"https:\/\/www.foto8.com\/live\/wp-content\/uploads\/2014\/01\/71.jpg\" data-orig-size=\"800,523\" data-comments-opened=\"1\" data-image-meta=\"{&quot;aperture&quot;:&quot;0&quot;,&quot;credit&quot;:&quot;Eduardo Leal&quot;,&quot;camera&quot;:&quot;&quot;,&quot;caption&quot;:&quot;Forcado leads the bull after the \\u0027pega\\u0027 or face catch and is helped by the rest of the group on the \\u00c9vora Arena, \\u00c9vora, Portugal, 19th July 2013&quot;,&quot;created_timestamp&quot;:&quot;1374274439&quot;,&quot;copyright&quot;:&quot;Eduardo Leal \\u00a9&quot;,&quot;focal_length&quot;:&quot;0&quot;,&quot;iso&quot;:&quot;0&quot;,&quot;shutter_speed&quot;:&quot;0&quot;,&quot;title&quot;:&quot;The Reunion&quot;}\" data-image-title=\"\" data-image-description=\"\" data-medium-file=\"https:\/\/i0.wp.com\/www.foto8.com\/live\/wp-content\/uploads\/2014\/01\/71.jpg?fit=800%2C523&#038;ssl=1\" data-large-file=\"https:\/\/i0.wp.com\/www.foto8.com\/live\/wp-content\/uploads\/2014\/01\/71.jpg?fit=800%2C523&#038;ssl=1\" src=\"https:\/\/i0.wp.com\/www.foto8.com\/live\/wp-content\/uploads\/2014\/01\/71.jpg?w=500&#038;h=327&#038;ssl=1\" srcset=\"https:\/\/i0.wp.com\/www.foto8.com\/live\/wp-content\/uploads\/2014\/01\/71.jpg?w=800&amp;ssl=1 800w, https:\/\/i0.wp.com\/www.foto8.com\/live\/wp-content\/uploads\/2014\/01\/71.jpg?resize=150%2C98&amp;ssl=1 150w\" width=\"500\" height=\"327\" loading=\"lazy\" data-original-width=\"500\" data-original-height=\"327\" itemprop=\"http:\/\/schema.org\/image\" title=\"\" alt=\"The Reunion: Forcado leads the bull after the &#039;pega&#039; or face catch and is helped by the rest of the group on the \u00c9vora Arena, \u00c9vora, Portugal.\" style=\"width: 500px; height: 327px;\" \/> <\/a> <div class=\"tiled-gallery-caption\" itemprop=\"caption description\"> The Reunion: Forcado leads the bull after the &#8216;pega&#8217; or face catch and is helped by the rest of the group on the \u00c9vora Arena, \u00c9vora, Portugal. <\/div> <\/div> <div class=\"tiled-gallery-item tiled-gallery-item-large\" itemprop=\"associatedMedia\" itemscope itemtype=\"http:\/\/schema.org\/ImageObject\"> <a href=\"https:\/\/i0.wp.com\/www.foto8.com\/live\/wp-content\/uploads\/2014\/01\/81.jpg?ssl=1\" border=\"0\" itemprop=\"url\"> <meta itemprop=\"width\" content=\"500\"> <meta itemprop=\"height\" content=\"326\"> <img class=\"\" data-attachment-id=\"6837\" data-orig-file=\"https:\/\/www.foto8.com\/live\/wp-content\/uploads\/2014\/01\/81.jpg\" data-orig-size=\"800,522\" data-comments-opened=\"1\" data-image-meta=\"{&quot;aperture&quot;:&quot;0&quot;,&quot;credit&quot;:&quot;Eduardo Leal&quot;,&quot;camera&quot;:&quot;&quot;,&quot;caption&quot;:&quot;Jo\\u00e3o Madeira, member of the Forcados group of \\u00c9vora, acts as the \\u0027rabujador\\u0027 pulling the tail and riding in circles with the bull to close the performance, \\u00c9vora arena, Portugal, 20th July 2013&quot;,&quot;created_timestamp&quot;:&quot;1374278933&quot;,&quot;copyright&quot;:&quot;Eduardo Leal \\u00a9\\rImage copyright remains property of the photographer unless otherwise agreed.\\rImages licensed only for the purpo&quot;,&quot;focal_length&quot;:&quot;0&quot;,&quot;iso&quot;:&quot;0&quot;,&quot;shutter_speed&quot;:&quot;0&quot;,&quot;title&quot;:&quot;Rabujador closes the performance&quot;}\" data-image-title=\"\" data-image-description=\"\" data-medium-file=\"https:\/\/i0.wp.com\/www.foto8.com\/live\/wp-content\/uploads\/2014\/01\/81.jpg?fit=800%2C522&#038;ssl=1\" data-large-file=\"https:\/\/i0.wp.com\/www.foto8.com\/live\/wp-content\/uploads\/2014\/01\/81.jpg?fit=800%2C522&#038;ssl=1\" src=\"https:\/\/i0.wp.com\/www.foto8.com\/live\/wp-content\/uploads\/2014\/01\/81.jpg?w=500&#038;h=326&#038;ssl=1\" srcset=\"https:\/\/i0.wp.com\/www.foto8.com\/live\/wp-content\/uploads\/2014\/01\/81.jpg?w=800&amp;ssl=1 800w, https:\/\/i0.wp.com\/www.foto8.com\/live\/wp-content\/uploads\/2014\/01\/81.jpg?resize=150%2C97&amp;ssl=1 150w\" width=\"500\" height=\"326\" loading=\"lazy\" data-original-width=\"500\" data-original-height=\"326\" itemprop=\"http:\/\/schema.org\/image\" title=\"\" alt=\"Rabujador closes the performance: Jo\u00e3o Madeira, member of the Forcados group of \u00c9vora, acts as the &#039;rabujador&#039; pulling the tail and riding in circles with the bull to close the performance, \u00c9vora arena, Portugal.\" style=\"width: 500px; height: 326px;\" \/> <\/a> <div class=\"tiled-gallery-caption\" itemprop=\"caption description\"> Rabujador closes the performance: Jo\u00e3o Madeira, member of the Forcados group of \u00c9vora, acts as the &#8216;rabujador&#8217; pulling the tail and riding in circles with the bull to close the performance, \u00c9vora arena, Portugal. <\/div> <\/div> <div class=\"tiled-gallery-item tiled-gallery-item-large\" itemprop=\"associatedMedia\" itemscope itemtype=\"http:\/\/schema.org\/ImageObject\"> <a href=\"https:\/\/i0.wp.com\/www.foto8.com\/live\/wp-content\/uploads\/2014\/01\/121.jpg?ssl=1\" border=\"0\" itemprop=\"url\"> <meta itemprop=\"width\" content=\"500\"> <meta itemprop=\"height\" content=\"376\"> <img class=\"\" data-attachment-id=\"6841\" data-orig-file=\"https:\/\/www.foto8.com\/live\/wp-content\/uploads\/2014\/01\/121.jpg\" data-orig-size=\"800,601\" data-comments-opened=\"1\" data-image-meta=\"{&quot;aperture&quot;:&quot;0&quot;,&quot;credit&quot;:&quot;Eduardo Leal&quot;,&quot;camera&quot;:&quot;&quot;,&quot;caption&quot;:&quot;Dinis Caeiro a member of the Forcados of \\u00c9vora group, leaves the arena after a successful \\u0027pega\\u0027 or face catch. When the pega is done at the first attempt and with style the forcados goes around the arena to receive applauses and flowers from the public, Entradas, Portugal, 26th July 2013&quot;,&quot;created_timestamp&quot;:&quot;1374881324&quot;,&quot;copyright&quot;:&quot;Eduardo Leal \\u00a9&quot;,&quot;focal_length&quot;:&quot;0&quot;,&quot;iso&quot;:&quot;0&quot;,&quot;shutter_speed&quot;:&quot;0&quot;,&quot;title&quot;:&quot;Salutes from the public&quot;}\" data-image-title=\"\" data-image-description=\"\" data-medium-file=\"https:\/\/i0.wp.com\/www.foto8.com\/live\/wp-content\/uploads\/2014\/01\/121.jpg?fit=800%2C601&#038;ssl=1\" data-large-file=\"https:\/\/i0.wp.com\/www.foto8.com\/live\/wp-content\/uploads\/2014\/01\/121.jpg?fit=800%2C601&#038;ssl=1\" src=\"https:\/\/i0.wp.com\/www.foto8.com\/live\/wp-content\/uploads\/2014\/01\/121.jpg?w=500&#038;h=376&#038;ssl=1\" srcset=\"https:\/\/i0.wp.com\/www.foto8.com\/live\/wp-content\/uploads\/2014\/01\/121.jpg?w=800&amp;ssl=1 800w, https:\/\/i0.wp.com\/www.foto8.com\/live\/wp-content\/uploads\/2014\/01\/121.jpg?resize=150%2C112&amp;ssl=1 150w\" width=\"500\" height=\"376\" loading=\"lazy\" data-original-width=\"500\" data-original-height=\"376\" itemprop=\"http:\/\/schema.org\/image\" title=\"\" alt=\"Salutes from the public: Dinis Caeiro a member of the Forcados of \u00c9vora group, leaves the arena after a successful &#039;pega&#039; or face catch. When the pega is done at the first attempt and with style the forcados goes around the arena to receive applauses and flowers from the public, Entradas, Portugal.\" style=\"width: 500px; height: 376px;\" \/> <\/a> <div class=\"tiled-gallery-caption\" itemprop=\"caption description\"> Salutes from the public: Dinis Caeiro a member of the Forcados of \u00c9vora group, leaves the arena after a successful &#8216;pega&#8217; or face catch. When the pega is done at the first attempt and with style the forcados goes around the arena to receive applauses and flowers from the public, Entradas, Portugal. <\/div> <\/div> <\/div> <!-- close group --> <div class=\"gallery-group images-1\" style=\"width: 696px; height: 1041px;\" data-original-width=\"696\" data-original-height=\"1041\" > <div class=\"tiled-gallery-item tiled-gallery-item-large\" itemprop=\"associatedMedia\" itemscope itemtype=\"http:\/\/schema.org\/ImageObject\"> <a href=\"https:\/\/i0.wp.com\/www.foto8.com\/live\/wp-content\/uploads\/2014\/01\/91.jpg?ssl=1\" border=\"0\" itemprop=\"url\"> <meta itemprop=\"width\" content=\"692\"> <meta itemprop=\"height\" content=\"1037\"> <img class=\"\" data-attachment-id=\"6838\" data-orig-file=\"https:\/\/www.foto8.com\/live\/wp-content\/uploads\/2014\/01\/91.jpg\" data-orig-size=\"800,1200\" data-comments-opened=\"1\" data-image-meta=\"{&quot;aperture&quot;:&quot;0&quot;,&quot;credit&quot;:&quot;Eduardo Leal&quot;,&quot;camera&quot;:&quot;&quot;,&quot;caption&quot;:&quot;Jos\\u00e9 Martins, member of the Forcados of \\u00c9vora is lost in thoughts after a difficult catch of the bull. He only did it after three attempts, Entradas Arena, Portugal, 26th July 2013&quot;,&quot;created_timestamp&quot;:&quot;1374878601&quot;,&quot;copyright&quot;:&quot;Eduardo Leal \\u00a9&quot;,&quot;focal_length&quot;:&quot;0&quot;,&quot;iso&quot;:&quot;0&quot;,&quot;shutter_speed&quot;:&quot;0&quot;,&quot;title&quot;:&quot;Forcado lost in deep thoughts&quot;}\" data-image-title=\"\" data-image-description=\"\" data-medium-file=\"https:\/\/i0.wp.com\/www.foto8.com\/live\/wp-content\/uploads\/2014\/01\/91.jpg?fit=573%2C860&#038;ssl=1\" data-large-file=\"https:\/\/i0.wp.com\/www.foto8.com\/live\/wp-content\/uploads\/2014\/01\/91.jpg?fit=800%2C1200&#038;ssl=1\" src=\"https:\/\/i0.wp.com\/www.foto8.com\/live\/wp-content\/uploads\/2014\/01\/91.jpg?w=692&#038;h=1037&#038;ssl=1\" srcset=\"https:\/\/i0.wp.com\/www.foto8.com\/live\/wp-content\/uploads\/2014\/01\/91.jpg?w=800&amp;ssl=1 800w, https:\/\/i0.wp.com\/www.foto8.com\/live\/wp-content\/uploads\/2014\/01\/91.jpg?resize=100%2C150&amp;ssl=1 100w, https:\/\/i0.wp.com\/www.foto8.com\/live\/wp-content\/uploads\/2014\/01\/91.jpg?resize=573%2C860&amp;ssl=1 573w\" width=\"692\" height=\"1037\" loading=\"lazy\" data-original-width=\"692\" data-original-height=\"1037\" itemprop=\"http:\/\/schema.org\/image\" title=\"\" alt=\"After the fight: Jos\u00e9 Martins, member of the Forcados of \u00c9vora is lost in thoughts after a difficult catch of the bull. He only did it after three attempts, Entradas Arena, Portugal.\" style=\"width: 692px; height: 1037px;\" \/> <\/a> <div class=\"tiled-gallery-caption\" itemprop=\"caption description\"> After the fight: Jos\u00e9 Martins, member of the Forcados of \u00c9vora is lost in thoughts after a difficult catch of the bull. He only did it after three attempts, Entradas Arena, Portugal. <\/div> <\/div> <\/div> <!-- close group --> <\/div> <!-- close row --> <div class=\"gallery-row\" style=\"width: 1200px; height: 328px;\" data-original-width=\"1200\" data-original-height=\"328\" > <div class=\"gallery-group images-1\" style=\"width: 220px; height: 328px;\" data-original-width=\"220\" data-original-height=\"328\" > <div class=\"tiled-gallery-item tiled-gallery-item-small\" itemprop=\"associatedMedia\" itemscope itemtype=\"http:\/\/schema.org\/ImageObject\"> <a href=\"https:\/\/i0.wp.com\/www.foto8.com\/live\/wp-content\/uploads\/2014\/01\/39_el-2013-ma-gfae-val-618.jpg?ssl=1\" border=\"0\" itemprop=\"url\"> <meta itemprop=\"width\" content=\"216\"> <meta itemprop=\"height\" content=\"324\"> <img class=\"\" data-attachment-id=\"8819\" data-orig-file=\"https:\/\/www.foto8.com\/live\/wp-content\/uploads\/2014\/01\/39_el-2013-ma-gfae-val-618.jpg\" data-orig-size=\"416,624\" data-comments-opened=\"1\" data-image-meta=\"{&quot;aperture&quot;:&quot;0&quot;,&quot;credit&quot;:&quot;&quot;,&quot;camera&quot;:&quot;&quot;,&quot;caption&quot;:&quot;&quot;,&quot;created_timestamp&quot;:&quot;0&quot;,&quot;copyright&quot;:&quot;&quot;,&quot;focal_length&quot;:&quot;0&quot;,&quot;iso&quot;:&quot;0&quot;,&quot;shutter_speed&quot;:&quot;0&quot;,&quot;title&quot;:&quot;&quot;}\" data-image-title=\"\" data-image-description=\"\" data-medium-file=\"https:\/\/i0.wp.com\/www.foto8.com\/live\/wp-content\/uploads\/2014\/01\/39_el-2013-ma-gfae-val-618.jpg?fit=416%2C624&#038;ssl=1\" data-large-file=\"https:\/\/i0.wp.com\/www.foto8.com\/live\/wp-content\/uploads\/2014\/01\/39_el-2013-ma-gfae-val-618.jpg?fit=416%2C624&#038;ssl=1\" src=\"https:\/\/i0.wp.com\/www.foto8.com\/live\/wp-content\/uploads\/2014\/01\/39_el-2013-ma-gfae-val-618.jpg?w=216&#038;h=324&#038;ssl=1\" srcset=\"https:\/\/i0.wp.com\/www.foto8.com\/live\/wp-content\/uploads\/2014\/01\/39_el-2013-ma-gfae-val-618.jpg?w=416&amp;ssl=1 416w, https:\/\/i0.wp.com\/www.foto8.com\/live\/wp-content\/uploads\/2014\/01\/39_el-2013-ma-gfae-val-618.jpg?resize=100%2C150&amp;ssl=1 100w, https:\/\/i0.wp.com\/www.foto8.com\/live\/wp-content\/uploads\/2014\/01\/39_el-2013-ma-gfae-val-618.jpg?resize=320%2C480&amp;ssl=1 320w\" width=\"216\" height=\"324\" loading=\"lazy\" data-original-width=\"216\" data-original-height=\"324\" itemprop=\"http:\/\/schema.org\/image\" title=\"\" alt=\"\" style=\"width: 216px; height: 324px;\" \/> <\/a> <\/div> <\/div> <!-- close group --> <div class=\"gallery-group images-1\" style=\"width: 490px; height: 328px;\" data-original-width=\"490\" data-original-height=\"328\" > <div class=\"tiled-gallery-item tiled-gallery-item-large\" itemprop=\"associatedMedia\" itemscope itemtype=\"http:\/\/schema.org\/ImageObject\"> <a href=\"https:\/\/i0.wp.com\/www.foto8.com\/live\/wp-content\/uploads\/2014\/01\/111.jpg?ssl=1\" border=\"0\" itemprop=\"url\"> <meta itemprop=\"width\" content=\"486\"> <meta itemprop=\"height\" content=\"324\"> <img class=\"\" data-attachment-id=\"6840\" data-orig-file=\"https:\/\/www.foto8.com\/live\/wp-content\/uploads\/2014\/01\/111.jpg\" data-orig-size=\"800,534\" data-comments-opened=\"1\" data-image-meta=\"{&quot;aperture&quot;:&quot;0&quot;,&quot;credit&quot;:&quot;Eduardo Leal&quot;,&quot;camera&quot;:&quot;&quot;,&quot;caption&quot;:&quot;Jos\\u00e9 Martins, member of the group of Forcados of \\u00c9vora broke his leg after an attempt to wrestle the bull in Redondo, Portugal, 9th August 2013. Forcados get frequent injuries during their career, from broken limbs to more serious injuries like lifelong disabilities or even death.&quot;,&quot;created_timestamp&quot;:&quot;1376091409&quot;,&quot;copyright&quot;:&quot;Eduardo Leal \\u00a9\\rImage copyright remains property of the photographer unless otherwise agreed.\\rImages licensed only for the purpo&quot;,&quot;focal_length&quot;:&quot;0&quot;,&quot;iso&quot;:&quot;0&quot;,&quot;shutter_speed&quot;:&quot;0&quot;,&quot;title&quot;:&quot;Forcados broken leg&quot;}\" data-image-title=\"\" data-image-description=\"\" data-medium-file=\"https:\/\/i0.wp.com\/www.foto8.com\/live\/wp-content\/uploads\/2014\/01\/111.jpg?fit=800%2C534&#038;ssl=1\" data-large-file=\"https:\/\/i0.wp.com\/www.foto8.com\/live\/wp-content\/uploads\/2014\/01\/111.jpg?fit=800%2C534&#038;ssl=1\" src=\"https:\/\/i0.wp.com\/www.foto8.com\/live\/wp-content\/uploads\/2014\/01\/111.jpg?w=486&#038;h=324&#038;ssl=1\" srcset=\"https:\/\/i0.wp.com\/www.foto8.com\/live\/wp-content\/uploads\/2014\/01\/111.jpg?w=800&amp;ssl=1 800w, https:\/\/i0.wp.com\/www.foto8.com\/live\/wp-content\/uploads\/2014\/01\/111.jpg?resize=150%2C100&amp;ssl=1 150w\" width=\"486\" height=\"324\" loading=\"lazy\" data-original-width=\"486\" data-original-height=\"324\" itemprop=\"http:\/\/schema.org\/image\" title=\"\" alt=\"A broken leg: Jos\u00e9 Martins, member of the group of Forcados of \u00c9vora broke his leg after an attempt to wrestle the bull in Redondo, Portugal, 9th August 2013. Forcados get frequent injuries during their career, from broken limbs to more serious injuries like lifelong disabilities or even death.\" style=\"width: 486px; height: 324px;\" \/> <\/a> <div class=\"tiled-gallery-caption\" itemprop=\"caption description\"> A broken leg: Jos\u00e9 Martins, member of the group of Forcados of \u00c9vora broke his leg after an attempt to wrestle the bull in Redondo, Portugal, 9th August 2013. Forcados get frequent injuries during their career, from broken limbs to more serious injuries like lifelong disabilities or even death. <\/div> <\/div> <\/div> <!-- close group --> <div class=\"gallery-group images-1\" style=\"width: 490px; height: 328px;\" data-original-width=\"490\" data-original-height=\"328\" > <div class=\"tiled-gallery-item tiled-gallery-item-large\" itemprop=\"associatedMedia\" itemscope itemtype=\"http:\/\/schema.org\/ImageObject\"> <a href=\"https:\/\/i0.wp.com\/www.foto8.com\/live\/wp-content\/uploads\/2014\/01\/39_lealeduardo21.jpg?ssl=1\" border=\"0\" itemprop=\"url\"> <meta itemprop=\"width\" content=\"486\"> <meta itemprop=\"height\" content=\"324\"> <img class=\"\" data-attachment-id=\"8827\" data-orig-file=\"https:\/\/www.foto8.com\/live\/wp-content\/uploads\/2014\/01\/39_lealeduardo21.jpg\" data-orig-size=\"935,624\" data-comments-opened=\"1\" data-image-meta=\"{&quot;aperture&quot;:&quot;0&quot;,&quot;credit&quot;:&quot;&quot;,&quot;camera&quot;:&quot;&quot;,&quot;caption&quot;:&quot;&quot;,&quot;created_timestamp&quot;:&quot;0&quot;,&quot;copyright&quot;:&quot;&quot;,&quot;focal_length&quot;:&quot;0&quot;,&quot;iso&quot;:&quot;0&quot;,&quot;shutter_speed&quot;:&quot;0&quot;,&quot;title&quot;:&quot;&quot;}\" data-image-title=\"\" data-image-description=\"\" data-medium-file=\"https:\/\/i0.wp.com\/www.foto8.com\/live\/wp-content\/uploads\/2014\/01\/39_lealeduardo21.jpg?fit=880%2C587&#038;ssl=1\" data-large-file=\"https:\/\/i0.wp.com\/www.foto8.com\/live\/wp-content\/uploads\/2014\/01\/39_lealeduardo21.jpg?fit=935%2C624&#038;ssl=1\" src=\"https:\/\/i0.wp.com\/www.foto8.com\/live\/wp-content\/uploads\/2014\/01\/39_lealeduardo21.jpg?w=486&#038;h=324&#038;ssl=1\" srcset=\"https:\/\/i0.wp.com\/www.foto8.com\/live\/wp-content\/uploads\/2014\/01\/39_lealeduardo21.jpg?w=935&amp;ssl=1 935w, https:\/\/i0.wp.com\/www.foto8.com\/live\/wp-content\/uploads\/2014\/01\/39_lealeduardo21.jpg?resize=150%2C100&amp;ssl=1 150w, https:\/\/i0.wp.com\/www.foto8.com\/live\/wp-content\/uploads\/2014\/01\/39_lealeduardo21.jpg?resize=880%2C587&amp;ssl=1 880w, https:\/\/i0.wp.com\/www.foto8.com\/live\/wp-content\/uploads\/2014\/01\/39_lealeduardo21.jpg?resize=480%2C320&amp;ssl=1 480w\" width=\"486\" height=\"324\" loading=\"lazy\" data-original-width=\"486\" data-original-height=\"324\" itemprop=\"http:\/\/schema.org\/image\" title=\"\" alt=\"\" style=\"width: 486px; height: 324px;\" \/> <\/a> <\/div> <\/div> <!-- close group --> <\/div> <!-- close row --> <div class=\"gallery-row\" style=\"width: 1200px; height: 555px;\" data-original-width=\"1200\" data-original-height=\"555\" > <div class=\"gallery-group images-1\" style=\"width: 371px; height: 555px;\" data-original-width=\"371\" data-original-height=\"555\" > <div class=\"tiled-gallery-item tiled-gallery-item-large\" itemprop=\"associatedMedia\" itemscope itemtype=\"http:\/\/schema.org\/ImageObject\"> <a href=\"https:\/\/i0.wp.com\/www.foto8.com\/live\/wp-content\/uploads\/2014\/01\/39_lealeduardo22.jpg?ssl=1\" border=\"0\" itemprop=\"url\"> <meta itemprop=\"width\" content=\"367\"> <meta itemprop=\"height\" content=\"551\"> <img class=\"\" data-attachment-id=\"8824\" data-orig-file=\"https:\/\/www.foto8.com\/live\/wp-content\/uploads\/2014\/01\/39_lealeduardo22.jpg\" data-orig-size=\"416,624\" data-comments-opened=\"1\" data-image-meta=\"{&quot;aperture&quot;:&quot;0&quot;,&quot;credit&quot;:&quot;&quot;,&quot;camera&quot;:&quot;&quot;,&quot;caption&quot;:&quot;&quot;,&quot;created_timestamp&quot;:&quot;0&quot;,&quot;copyright&quot;:&quot;&quot;,&quot;focal_length&quot;:&quot;0&quot;,&quot;iso&quot;:&quot;0&quot;,&quot;shutter_speed&quot;:&quot;0&quot;,&quot;title&quot;:&quot;&quot;}\" data-image-title=\"\" data-image-description=\"\" data-medium-file=\"https:\/\/i0.wp.com\/www.foto8.com\/live\/wp-content\/uploads\/2014\/01\/39_lealeduardo22.jpg?fit=416%2C624&#038;ssl=1\" data-large-file=\"https:\/\/i0.wp.com\/www.foto8.com\/live\/wp-content\/uploads\/2014\/01\/39_lealeduardo22.jpg?fit=416%2C624&#038;ssl=1\" src=\"https:\/\/i0.wp.com\/www.foto8.com\/live\/wp-content\/uploads\/2014\/01\/39_lealeduardo22.jpg?w=367&#038;h=551&#038;ssl=1\" srcset=\"https:\/\/i0.wp.com\/www.foto8.com\/live\/wp-content\/uploads\/2014\/01\/39_lealeduardo22.jpg?w=416&amp;ssl=1 416w, https:\/\/i0.wp.com\/www.foto8.com\/live\/wp-content\/uploads\/2014\/01\/39_lealeduardo22.jpg?resize=100%2C150&amp;ssl=1 100w, https:\/\/i0.wp.com\/www.foto8.com\/live\/wp-content\/uploads\/2014\/01\/39_lealeduardo22.jpg?resize=320%2C480&amp;ssl=1 320w\" width=\"367\" height=\"551\" loading=\"lazy\" data-original-width=\"367\" data-original-height=\"551\" itemprop=\"http:\/\/schema.org\/image\" title=\"\" alt=\"\" style=\"width: 367px; height: 551px;\" \/> <\/a> <\/div> <\/div> <!-- close group --> <div class=\"gallery-group images-1\" style=\"width: 829px; height: 555px;\" data-original-width=\"829\" data-original-height=\"555\" > <div class=\"tiled-gallery-item tiled-gallery-item-large\" itemprop=\"associatedMedia\" itemscope itemtype=\"http:\/\/schema.org\/ImageObject\"> <a href=\"https:\/\/i0.wp.com\/www.foto8.com\/live\/wp-content\/uploads\/2014\/01\/101.jpg?ssl=1\" border=\"0\" itemprop=\"url\"> <meta itemprop=\"width\" content=\"825\"> <meta itemprop=\"height\" content=\"551\"> <img class=\"\" data-attachment-id=\"6839\" data-orig-file=\"https:\/\/www.foto8.com\/live\/wp-content\/uploads\/2014\/01\/101.jpg\" data-orig-size=\"800,534\" data-comments-opened=\"1\" data-image-meta=\"{&quot;aperture&quot;:&quot;0&quot;,&quot;credit&quot;:&quot;Eduardo Leal&quot;,&quot;camera&quot;:&quot;&quot;,&quot;caption&quot;:&quot;Detail of the forcado jacket after the \\u0027pega\\u0027 or face catch, Redondo Arena, Portugal, 10th August 2013&quot;,&quot;created_timestamp&quot;:&quot;1376094735&quot;,&quot;copyright&quot;:&quot;Eduardo Leal \\u00a9&quot;,&quot;focal_length&quot;:&quot;0&quot;,&quot;iso&quot;:&quot;0&quot;,&quot;shutter_speed&quot;:&quot;0&quot;,&quot;title&quot;:&quot;Forcados jacket after wrestling the bull&quot;}\" data-image-title=\"\" data-image-description=\"\" data-medium-file=\"https:\/\/i0.wp.com\/www.foto8.com\/live\/wp-content\/uploads\/2014\/01\/101.jpg?fit=800%2C534&#038;ssl=1\" data-large-file=\"https:\/\/i0.wp.com\/www.foto8.com\/live\/wp-content\/uploads\/2014\/01\/101.jpg?fit=800%2C534&#038;ssl=1\" src=\"https:\/\/i0.wp.com\/www.foto8.com\/live\/wp-content\/uploads\/2014\/01\/101.jpg?w=825&#038;h=551&#038;ssl=1\" srcset=\"https:\/\/i0.wp.com\/www.foto8.com\/live\/wp-content\/uploads\/2014\/01\/101.jpg?w=800&amp;ssl=1 800w, https:\/\/i0.wp.com\/www.foto8.com\/live\/wp-content\/uploads\/2014\/01\/101.jpg?resize=150%2C100&amp;ssl=1 150w\" width=\"825\" height=\"551\" loading=\"lazy\" data-original-width=\"825\" data-original-height=\"551\" itemprop=\"http:\/\/schema.org\/image\" title=\"\" alt=\"Forcados jacket after wrestling the bull: Detail of the forcado jacket after the &#039;pega&#039; or face catch, Redondo Arena, Portugal.\" style=\"width: 825px; height: 551px;\" \/> <\/a> <div class=\"tiled-gallery-caption\" itemprop=\"caption description\"> Forcados jacket after wrestling the bull: Detail of the forcado jacket after the &#8216;pega&#8217; or face catch, Redondo Arena, Portugal. <\/div> <\/div> <\/div> <!-- close group --> <\/div> <!-- close row --> <\/div>\n","protected":false},"excerpt":{"rendered":"<p>\u00a0 Portuguese Forcados lie somewhere between the bull riders of the Americas and the bloodier bullfighters of Spain. Unlike in Spain, where the bull is stabbed to death if the matador manages to win the contest, the forcados wrestle the animal (whose horns are capped) with their bare hands as a display of determination and [&hellip;]<\/p>\n","protected":false},"author":60,"featured_media":6838,"comment_status":"open","ping_status":"open","sticky":false,"template":"","format":"standard","meta":{"_mi_skip_tracking":false,"_monsterinsights_sitenote_active":false,"_monsterinsights_sitenote_note":"","_monsterinsights_sitenote_category":0,"jetpack_post_was_ever_published":false,"_jetpack_newsletter_access":"","_jetpack_newsletter_tier_id":0,"jetpack_publicize_message":"","jetpack_is_tweetstorm":false,"jetpack_publicize_feature_enabled":true,"jetpack_social_post_already_shared":true,"jetpack_social_options":{"image_generator_settings":{"template":"highway","enabled":false}}},"categories":[20],"tags":[2856,3023,2855,2857,2858],"jetpack_publicize_connections":[],"yoast_head":"<!-- This site is optimized with the Yoast SEO plugin v21.5 - https:\/\/yoast.com\/wordpress\/plugins\/seo\/ -->\n<title>Forcados, the Portuguese Bullfighters by Eduardo Leal - FOTO8<\/title>\n<meta name=\"description\" content=\"Portuguese forcados lie somewhere between the bull riders of the Americas and the bloodier bullfighters of Spain...\" \/>\n<meta name=\"robots\" content=\"index, follow, max-snippet:-1, max-image-preview:large, max-video-preview:-1\" \/>\n<link rel=\"canonical\" href=\"https:\/\/www.foto8.com\/live\/forcados-portuguese-bullfighters-eduardo-leal\/\" \/>\n<meta property=\"og:locale\" content=\"en_US\" \/>\n<meta property=\"og:type\" content=\"article\" \/>\n<meta property=\"og:title\" content=\"Forcados, the Portuguese Bullfighters by Eduardo Leal - FOTO8\" \/>\n<meta property=\"og:description\" content=\"Portuguese forcados lie somewhere between the bull riders of the Americas and the bloodier bullfighters of Spain...\" \/>\n<meta property=\"og:url\" content=\"https:\/\/www.foto8.com\/live\/forcados-portuguese-bullfighters-eduardo-leal\/\" \/>\n<meta property=\"og:site_name\" content=\"FOTO8\" \/>\n<meta property=\"article:publisher\" content=\"https:\/\/www.facebook.com\/Foto8\/\" \/>\n<meta property=\"article:published_time\" content=\"2014-04-04T08:35:46+00:00\" \/>\n<meta property=\"article:modified_time\" content=\"2014-04-04T09:53:06+00:00\" \/>\n<meta property=\"og:image\" content=\"https:\/\/i0.wp.com\/www.foto8.com\/live\/wp-content\/uploads\/2014\/01\/91.jpg?fit=800%2C1200&ssl=1\" \/>\n\t<meta property=\"og:image:width\" content=\"800\" \/>\n\t<meta property=\"og:image:height\" content=\"1200\" \/>\n\t<meta property=\"og:image:type\" content=\"image\/jpeg\" \/>\n<meta name=\"author\" content=\"Eduardo Leal\" \/>\n<meta name=\"twitter:label1\" content=\"Written by\" \/>\n\t<meta name=\"twitter:data1\" content=\"Eduardo Leal\" \/>\n\t<meta name=\"twitter:label2\" content=\"Est. reading time\" \/>\n\t<meta name=\"twitter:data2\" content=\"1 minute\" \/>\n<script type=\"application\/ld+json\" class=\"yoast-schema-graph\">{\"@context\":\"https:\/\/schema.org\",\"@graph\":[{\"@type\":\"Article\",\"@id\":\"https:\/\/www.foto8.com\/live\/forcados-portuguese-bullfighters-eduardo-leal\/#article\",\"isPartOf\":{\"@id\":\"https:\/\/www.foto8.com\/live\/forcados-portuguese-bullfighters-eduardo-leal\/\"},\"author\":{\"name\":\"Eduardo Leal\",\"@id\":\"https:\/\/www.foto8.com\/live\/#\/schema\/person\/97ad034c520f76ed53db1d62ae8aacd9\"},\"headline\":\"Forcados, the Portuguese Bullfighters by Eduardo Leal\",\"datePublished\":\"2014-04-04T08:35:46+00:00\",\"dateModified\":\"2014-04-04T09:53:06+00:00\",\"mainEntityOfPage\":{\"@id\":\"https:\/\/www.foto8.com\/live\/forcados-portuguese-bullfighters-eduardo-leal\/\"},\"wordCount\":264,\"commentCount\":0,\"publisher\":{\"@id\":\"https:\/\/www.foto8.com\/live\/#organization\"},\"keywords\":[\"Bullfighters\",\"Eduardo Leal\",\"Forcados\",\"Portugal\",\"Traditions\"],\"articleSection\":[\"Photo Stories\"],\"inLanguage\":\"en-US\",\"potentialAction\":[{\"@type\":\"CommentAction\",\"name\":\"Comment\",\"target\":[\"https:\/\/www.foto8.com\/live\/forcados-portuguese-bullfighters-eduardo-leal\/#respond\"]}]},{\"@type\":\"WebPage\",\"@id\":\"https:\/\/www.foto8.com\/live\/forcados-portuguese-bullfighters-eduardo-leal\/\",\"url\":\"https:\/\/www.foto8.com\/live\/forcados-portuguese-bullfighters-eduardo-leal\/\",\"name\":\"Forcados, the Portuguese Bullfighters by Eduardo Leal - FOTO8\",\"isPartOf\":{\"@id\":\"https:\/\/www.foto8.com\/live\/#website\"},\"datePublished\":\"2014-04-04T08:35:46+00:00\",\"dateModified\":\"2014-04-04T09:53:06+00:00\",\"description\":\"Portuguese forcados lie somewhere between the bull riders of the Americas and the bloodier bullfighters of Spain...\",\"breadcrumb\":{\"@id\":\"https:\/\/www.foto8.com\/live\/forcados-portuguese-bullfighters-eduardo-leal\/#breadcrumb\"},\"inLanguage\":\"en-US\",\"potentialAction\":[{\"@type\":\"ReadAction\",\"target\":[\"https:\/\/www.foto8.com\/live\/forcados-portuguese-bullfighters-eduardo-leal\/\"]}]},{\"@type\":\"BreadcrumbList\",\"@id\":\"https:\/\/www.foto8.com\/live\/forcados-portuguese-bullfighters-eduardo-leal\/#breadcrumb\",\"itemListElement\":[{\"@type\":\"ListItem\",\"position\":1,\"name\":\"Home\",\"item\":\"https:\/\/www.foto8.com\/live\/\"},{\"@type\":\"ListItem\",\"position\":2,\"name\":\"Forcados, the Portuguese Bullfighters by Eduardo Leal\"}]},{\"@type\":\"WebSite\",\"@id\":\"https:\/\/www.foto8.com\/live\/#website\",\"url\":\"https:\/\/www.foto8.com\/live\/\",\"name\":\"FOTO8\",\"description\":\"The home of photojournalism.\",\"publisher\":{\"@id\":\"https:\/\/www.foto8.com\/live\/#organization\"},\"potentialAction\":[{\"@type\":\"SearchAction\",\"target\":{\"@type\":\"EntryPoint\",\"urlTemplate\":\"https:\/\/www.foto8.com\/live\/?s={search_term_string}\"},\"query-input\":\"required name=search_term_string\"}],\"inLanguage\":\"en-US\"},{\"@type\":\"Organization\",\"@id\":\"https:\/\/www.foto8.com\/live\/#organization\",\"name\":\"FOTO8\",\"url\":\"https:\/\/www.foto8.com\/live\/\",\"logo\":{\"@type\":\"ImageObject\",\"inLanguage\":\"en-US\",\"@id\":\"https:\/\/www.foto8.com\/live\/#\/schema\/logo\/image\/\",\"url\":\"https:\/\/i0.wp.com\/www.foto8.com\/live\/wp-content\/uploads\/2023\/04\/foto8logo_blk.gif?fit=124%2C51&ssl=1\",\"contentUrl\":\"https:\/\/i0.wp.com\/www.foto8.com\/live\/wp-content\/uploads\/2023\/04\/foto8logo_blk.gif?fit=124%2C51&ssl=1\",\"width\":124,\"height\":51,\"caption\":\"FOTO8\"},\"image\":{\"@id\":\"https:\/\/www.foto8.com\/live\/#\/schema\/logo\/image\/\"},\"sameAs\":[\"https:\/\/www.facebook.com\/Foto8\/\",\"https:\/\/twitter.com\/foto8\"]},{\"@type\":\"Person\",\"@id\":\"https:\/\/www.foto8.com\/live\/#\/schema\/person\/97ad034c520f76ed53db1d62ae8aacd9\",\"name\":\"Eduardo Leal\",\"image\":{\"@type\":\"ImageObject\",\"inLanguage\":\"en-US\",\"@id\":\"https:\/\/www.foto8.com\/live\/#\/schema\/person\/image\/\",\"url\":\"https:\/\/secure.gravatar.com\/avatar\/242ce8997c6d77b7f19ac466e2278856?s=96&d=mm&r=g\",\"contentUrl\":\"https:\/\/secure.gravatar.com\/avatar\/242ce8997c6d77b7f19ac466e2278856?s=96&d=mm&r=g\",\"caption\":\"Eduardo Leal\"},\"description\":\"Eduardo Leal is Portuguese freelance documentary photographer focusing on Latin America social issues and politics and Portuguese traditions. He graduated in Journalism at Escola Superior de Jornalismo (ESJ) and has an MA in Photojournalism and Documentary Photography at London College of Communication. Eduardo is also a consultant to The Arpad A. Busson Foundation on the Cuban in Revolution and The Struggle During the Apartheid photography collections. He is based between London and Caracas.\",\"sameAs\":[\"http:\/\/www.eduardoleal.co.uk\"],\"url\":\"https:\/\/www.foto8.com\/live\/author\/eduardo-leal\/\"}]}<\/script>\n<!-- \/ Yoast SEO plugin. -->","yoast_head_json":{"title":"Forcados, the Portuguese Bullfighters by Eduardo Leal - FOTO8","description":"Portuguese forcados lie somewhere between the bull riders of the Americas and the bloodier bullfighters of Spain...","robots":{"index":"index","follow":"follow","max-snippet":"max-snippet:-1","max-image-preview":"max-image-preview:large","max-video-preview":"max-video-preview:-1"},"canonical":"https:\/\/www.foto8.com\/live\/forcados-portuguese-bullfighters-eduardo-leal\/","og_locale":"en_US","og_type":"article","og_title":"Forcados, the Portuguese Bullfighters by Eduardo Leal - FOTO8","og_description":"Portuguese forcados lie somewhere between the bull riders of the Americas and the bloodier bullfighters of Spain...","og_url":"https:\/\/www.foto8.com\/live\/forcados-portuguese-bullfighters-eduardo-leal\/","og_site_name":"FOTO8","article_publisher":"https:\/\/www.facebook.com\/Foto8\/","article_published_time":"2014-04-04T08:35:46+00:00","article_modified_time":"2014-04-04T09:53:06+00:00","og_image":[{"width":800,"height":1200,"url":"https:\/\/i0.wp.com\/www.foto8.com\/live\/wp-content\/uploads\/2014\/01\/91.jpg?fit=800%2C1200&ssl=1","type":"image\/jpeg"}],"author":"Eduardo Leal","twitter_misc":{"Written by":"Eduardo Leal","Est. reading time":"1 minute"},"schema":{"@context":"https:\/\/schema.org","@graph":[{"@type":"Article","@id":"https:\/\/www.foto8.com\/live\/forcados-portuguese-bullfighters-eduardo-leal\/#article","isPartOf":{"@id":"https:\/\/www.foto8.com\/live\/forcados-portuguese-bullfighters-eduardo-leal\/"},"author":{"name":"Eduardo Leal","@id":"https:\/\/www.foto8.com\/live\/#\/schema\/person\/97ad034c520f76ed53db1d62ae8aacd9"},"headline":"Forcados, the Portuguese Bullfighters by Eduardo Leal","datePublished":"2014-04-04T08:35:46+00:00","dateModified":"2014-04-04T09:53:06+00:00","mainEntityOfPage":{"@id":"https:\/\/www.foto8.com\/live\/forcados-portuguese-bullfighters-eduardo-leal\/"},"wordCount":264,"commentCount":0,"publisher":{"@id":"https:\/\/www.foto8.com\/live\/#organization"},"keywords":["Bullfighters","Eduardo Leal","Forcados","Portugal","Traditions"],"articleSection":["Photo Stories"],"inLanguage":"en-US","potentialAction":[{"@type":"CommentAction","name":"Comment","target":["https:\/\/www.foto8.com\/live\/forcados-portuguese-bullfighters-eduardo-leal\/#respond"]}]},{"@type":"WebPage","@id":"https:\/\/www.foto8.com\/live\/forcados-portuguese-bullfighters-eduardo-leal\/","url":"https:\/\/www.foto8.com\/live\/forcados-portuguese-bullfighters-eduardo-leal\/","name":"Forcados, the Portuguese Bullfighters by Eduardo Leal - FOTO8","isPartOf":{"@id":"https:\/\/www.foto8.com\/live\/#website"},"datePublished":"2014-04-04T08:35:46+00:00","dateModified":"2014-04-04T09:53:06+00:00","description":"Portuguese forcados lie somewhere between the bull riders of the Americas and the bloodier bullfighters of Spain...","breadcrumb":{"@id":"https:\/\/www.foto8.com\/live\/forcados-portuguese-bullfighters-eduardo-leal\/#breadcrumb"},"inLanguage":"en-US","potentialAction":[{"@type":"ReadAction","target":["https:\/\/www.foto8.com\/live\/forcados-portuguese-bullfighters-eduardo-leal\/"]}]},{"@type":"BreadcrumbList","@id":"https:\/\/www.foto8.com\/live\/forcados-portuguese-bullfighters-eduardo-leal\/#breadcrumb","itemListElement":[{"@type":"ListItem","position":1,"name":"Home","item":"https:\/\/www.foto8.com\/live\/"},{"@type":"ListItem","position":2,"name":"Forcados, the Portuguese Bullfighters by Eduardo Leal"}]},{"@type":"WebSite","@id":"https:\/\/www.foto8.com\/live\/#website","url":"https:\/\/www.foto8.com\/live\/","name":"FOTO8","description":"The home of photojournalism.","publisher":{"@id":"https:\/\/www.foto8.com\/live\/#organization"},"potentialAction":[{"@type":"SearchAction","target":{"@type":"EntryPoint","urlTemplate":"https:\/\/www.foto8.com\/live\/?s={search_term_string}"},"query-input":"required name=search_term_string"}],"inLanguage":"en-US"},{"@type":"Organization","@id":"https:\/\/www.foto8.com\/live\/#organization","name":"FOTO8","url":"https:\/\/www.foto8.com\/live\/","logo":{"@type":"ImageObject","inLanguage":"en-US","@id":"https:\/\/www.foto8.com\/live\/#\/schema\/logo\/image\/","url":"https:\/\/i0.wp.com\/www.foto8.com\/live\/wp-content\/uploads\/2023\/04\/foto8logo_blk.gif?fit=124%2C51&ssl=1","contentUrl":"https:\/\/i0.wp.com\/www.foto8.com\/live\/wp-content\/uploads\/2023\/04\/foto8logo_blk.gif?fit=124%2C51&ssl=1","width":124,"height":51,"caption":"FOTO8"},"image":{"@id":"https:\/\/www.foto8.com\/live\/#\/schema\/logo\/image\/"},"sameAs":["https:\/\/www.facebook.com\/Foto8\/","https:\/\/twitter.com\/foto8"]},{"@type":"Person","@id":"https:\/\/www.foto8.com\/live\/#\/schema\/person\/97ad034c520f76ed53db1d62ae8aacd9","name":"Eduardo Leal","image":{"@type":"ImageObject","inLanguage":"en-US","@id":"https:\/\/www.foto8.com\/live\/#\/schema\/person\/image\/","url":"https:\/\/secure.gravatar.com\/avatar\/242ce8997c6d77b7f19ac466e2278856?s=96&d=mm&r=g","contentUrl":"https:\/\/secure.gravatar.com\/avatar\/242ce8997c6d77b7f19ac466e2278856?s=96&d=mm&r=g","caption":"Eduardo Leal"},"description":"Eduardo Leal is Portuguese freelance documentary photographer focusing on Latin America social issues and politics and Portuguese traditions. He graduated in Journalism at Escola Superior de Jornalismo (ESJ) and has an MA in Photojournalism and Documentary Photography at London College of Communication. Eduardo is also a consultant to The Arpad A. Busson Foundation on the Cuban in Revolution and The Struggle During the Apartheid photography collections. He is based between London and Caracas.","sameAs":["http:\/\/www.eduardoleal.co.uk"],"url":"https:\/\/www.foto8.com\/live\/author\/eduardo-leal\/"}]}},"jetpack_sharing_enabled":true,"jetpack_featured_media_url":"https:\/\/i0.wp.com\/www.foto8.com\/live\/wp-content\/uploads\/2014\/01\/91.jpg?fit=800%2C1200&ssl=1","jetpack_shortlink":"https:\/\/wp.me\/p4ejRI-1M9","jetpack-related-posts":[{"id":314,"url":"https:\/\/www.foto8.com\/live\/getty-and-get-off\/","url_meta":{"origin":6829,"position":0},"title":"Getty and Get Off","author":"Jon","date":"22 Jan 2008","format":false,"excerpt":"So its taken a little over ten years for the oligopoly that is Getty Images to go from saying... \"Photography is the new oil\" to \"Lets off load this oil and get ourselves some cash\"...","rel":"","context":"In &quot;Blogs&quot;","block_context":{"text":"Blogs","link":"https:\/\/www.foto8.com\/live\/category\/online\/blogs\/"},"img":{"alt_text":"","src":"https:\/\/i0.wp.com\/www.foto8.com\/live\/wp-content\/uploads\/2008\/01\/turkey.jpg?fit=200%2C201&ssl=1&resize=350%2C200","width":350,"height":200},"classes":[]},{"id":1266,"url":"https:\/\/www.foto8.com\/live\/world-press-photo-deadline\/","url_meta":{"origin":6829,"position":1},"title":"World Press Photo Deadline","author":"Jon","date":"08 Dec 2008","format":false,"excerpt":"The deadline for next year's World Press Photo competition is soon approaching. Make sure to get your entries submitted before 15 January.","rel":"","context":"In &quot;grants \/ competitions&quot;","block_context":{"text":"grants \/ competitions","link":"https:\/\/www.foto8.com\/live\/category\/news\/c1-grants-competitions\/"},"img":{"alt_text":"Last year's winner: Tim Hetherington","src":"https:\/\/i0.wp.com\/www.foto8.com\/live\/wp-content\/uploads\/2008\/12\/13550817.jpg?fit=400%2C266&ssl=1&resize=350%2C200","width":350,"height":200},"classes":[]},{"id":2085,"url":"https:\/\/www.foto8.com\/live\/does-haitis-crisis-call-for-a-new-photojournalism\/","url_meta":{"origin":6829,"position":2},"title":"Does Haiti&#8217;s Crisis Call for a New Photojournalism?","author":"Jon","date":"21 Jan 2010","format":false,"excerpt":"Michael David Murphy looks at Haiti coverage and asks whether photojournalists would be telling different and deeper stories if organisations would pool their resources.","rel":"","context":"In &quot;Blogs&quot;","block_context":{"text":"Blogs","link":"https:\/\/www.foto8.com\/live\/category\/online\/blogs\/"},"img":{"alt_text":"","src":"","width":0,"height":0},"classes":[]},{"id":1462,"url":"https:\/\/www.foto8.com\/live\/macau-chinas-sin-city\/","url_meta":{"origin":6829,"position":3},"title":"Macau: China&#8217;s Sin City","author":"Jon","date":"02 Apr 2009","format":false,"excerpt":"Stephen JB Kelly on the gambling hub of the world, Macau, and the foreign workers who are feeling the economic slump.","rel":"","context":"In &quot;Photo Stories&quot;","block_context":{"text":"Photo Stories","link":"https:\/\/www.foto8.com\/live\/category\/online\/c129-photo-stories\/"},"img":{"alt_text":"Stephen JB Kelly","src":"https:\/\/i0.wp.com\/www.foto8.com\/live\/wp-content\/uploads\/2009\/04\/kellymacau-22.jpg?fit=470%2C313&ssl=1&resize=350%2C200","width":350,"height":200},"classes":[]},{"id":3741,"url":"https:\/\/www.foto8.com\/live\/spain-economic-crisis\/","url_meta":{"origin":6829,"position":4},"title":"The Pain in Spain","author":"Jon","date":"13 Sep 2012","format":false,"excerpt":"Markel Redondo takes a look at the effects of the economic crisis in Spain, where unemployment is disturbingly high and failed development projects litter the landscape.","rel":"","context":"In &quot;Photo Stories&quot;","block_context":{"text":"Photo Stories","link":"https:\/\/www.foto8.com\/live\/category\/online\/c129-photo-stories\/"},"img":{"alt_text":"","src":"https:\/\/i0.wp.com\/www.foto8.com\/live\/wp-content\/uploads\/2012\/09\/spain_280.jpg?fit=280%2C223&ssl=1&resize=350%2C200","width":350,"height":200},"classes":[]},{"id":3310,"url":"https:\/\/www.foto8.com\/live\/the-submerged-by-michelle-sank\/","url_meta":{"origin":6829,"position":5},"title":"The Submerged by Michelle Sank","author":"Jon","date":"13 Oct 2011","format":false,"excerpt":"Eleanor Farmer reviews Michelle Sank's new publication, The Submerged.","rel":"","context":"In &quot;Reviews&quot;","block_context":{"text":"Reviews","link":"https:\/\/www.foto8.com\/live\/category\/online\/c131-reviews\/"},"img":{"alt_text":"Kameez","src":"https:\/\/i0.wp.com\/www.foto8.com\/live\/wp-content\/uploads\/2011\/10\/Kameez.jpg?fit=470%2C376&ssl=1&resize=350%2C200","width":350,"height":200},"classes":[]}],"_links":{"self":[{"href":"https:\/\/www.foto8.com\/live\/wp-json\/wp\/v2\/posts\/6829"}],"collection":[{"href":"https:\/\/www.foto8.com\/live\/wp-json\/wp\/v2\/posts"}],"about":[{"href":"https:\/\/www.foto8.com\/live\/wp-json\/wp\/v2\/types\/post"}],"author":[{"embeddable":true,"href":"https:\/\/www.foto8.com\/live\/wp-json\/wp\/v2\/users\/60"}],"replies":[{"embeddable":true,"href":"https:\/\/www.foto8.com\/live\/wp-json\/wp\/v2\/comments?post=6829"}],"version-history":[{"count":12,"href":"https:\/\/www.foto8.com\/live\/wp-json\/wp\/v2\/posts\/6829\/revisions"}],"predecessor-version":[{"id":8833,"href":"https:\/\/www.foto8.com\/live\/wp-json\/wp\/v2\/posts\/6829\/revisions\/8833"}],"wp:featuredmedia":[{"embeddable":true,"href":"https:\/\/www.foto8.com\/live\/wp-json\/wp\/v2\/media\/6838"}],"wp:attachment":[{"href":"https:\/\/www.foto8.com\/live\/wp-json\/wp\/v2\/media?parent=6829"}],"wp:term":[{"taxonomy":"category","embeddable":true,"href":"https:\/\/www.foto8.com\/live\/wp-json\/wp\/v2\/categories?post=6829"},{"taxonomy":"post_tag","embeddable":true,"href":"https:\/\/www.foto8.com\/live\/wp-json\/wp\/v2\/tags?post=6829"}],"curies":[{"name":"wp","href":"https:\/\/api.w.org\/{rel}","templated":true}]}}